{"id":995,"date":"2020-09-28T14:03:00","date_gmt":"2020-09-28T12:03:00","guid":{"rendered":"https:\/\/paradeisos.eu\/?p=995"},"modified":"2024-10-10T14:05:48","modified_gmt":"2024-10-10T12:05:48","slug":"journees-europeennes-du-patrimoine-et-avancement-du-jardin-monnet","status":"publish","type":"post","link":"https:\/\/paradeisos.eu\/?p=995","title":{"rendered":"Journ\u00e9es Europ\u00e9ennes du Patrimoine et avancement du jardin Monnet"},"content":{"rendered":"\n<p>Voici quelques retours sur les Journ\u00e9es europ\u00e9ennes du patrimoine qui se sont d\u00e9roul\u00e9es le week-end dernier, dans un contexte toujours aussi perturb\u00e9 par les alertes sanitaires.<\/p>\n\n\n\n<p>Comme nous l\u2019annoncions d\u00e9j\u00e0 dans la derni\u00e8re newsletter, nous n\u2019avons pu organiser d\u2019\u00e9v\u00e9nement ni communiquer dans ce contexte, en respect des consignes renforc\u00e9es d\u00e9cid\u00e9es par les institutions europ\u00e9ennes.<\/p>\n\n\n\n<p>La Maison Monnet \u00e9tait cependant ouverte au public, et nous avons pu assurer une pr\u00e9sence minimum sur site, en effectuant une m\u00e9diation directe avec les visiteurs venus spontan\u00e9ment.<\/p>\n\n\n\n<p>Nous en avons aussi profit\u00e9 pour avancer les travaux sur le jardin citoyen europ\u00e9en, en particulier sur le troisi\u00e8me parterre dit des \u00ab Iris europ\u00e9ens \u00bb.<\/p>\n\n\n\n<p>Une \u00e9quipe r\u00e9duite s\u2019est ainsi relay\u00e9e le week-end. D\u2019abord Irina et Sylvie ont assur\u00e9 la pr\u00e9sence associative durant la journ\u00e9e du samedi, profitant de l\u2019occasion pour effectuer les travaux d\u2019entretien des parterres existants.<\/p>\n\n\n\n<figure class=\"wp-block-image aligncenter size-large\"><img loading=\"lazy\" decoding=\"async\" width=\"683\" height=\"1024\" src=\"https:\/\/paradeisos.eu\/wp-content\/uploads\/2024\/10\/image-335-683x1024.png\" alt=\"\" class=\"wp-image-996\" srcset=\"https:\/\/paradeisos.eu\/wp-content\/uploads\/2024\/10\/image-335-683x1024.png 683w, https:\/\/paradeisos.eu\/wp-content\/uploads\/2024\/10\/image-335-200x300.png 200w, https:\/\/paradeisos.eu\/wp-content\/uploads\/2024\/10\/image-335-768x1152.png 768w, https:\/\/paradeisos.eu\/wp-content\/uploads\/2024\/10\/image-335-1024x1536.png 1024w, https:\/\/paradeisos.eu\/wp-content\/uploads\/2024\/10\/image-335.png 1280w\" sizes=\"auto, (max-width: 683px) 100vw, 683px\" \/><figcaption class=\"wp-element-caption\"><em>Irina au milieu des dahlias<\/em><\/figcaption><\/figure>\n\n\n\n<figure class=\"wp-block-image aligncenter size-large\"><img loading=\"lazy\" decoding=\"async\" width=\"1024\" height=\"683\" src=\"https:\/\/paradeisos.eu\/wp-content\/uploads\/2024\/10\/image-336-1024x683.png\" alt=\"\" class=\"wp-image-997\" srcset=\"https:\/\/paradeisos.eu\/wp-content\/uploads\/2024\/10\/image-336-1024x683.png 1024w, https:\/\/paradeisos.eu\/wp-content\/uploads\/2024\/10\/image-336-300x200.png 300w, https:\/\/paradeisos.eu\/wp-content\/uploads\/2024\/10\/image-336-768x512.png 768w, https:\/\/paradeisos.eu\/wp-content\/uploads\/2024\/10\/image-336-1536x1024.png 1536w, https:\/\/paradeisos.eu\/wp-content\/uploads\/2024\/10\/image-336.png 1920w\" sizes=\"auto, (max-width: 1024px) 100vw, 1024px\" \/><figcaption class=\"wp-element-caption\"><em>Sylvie en m\u00e9diation \u00e0 l\u2019entr\u00e9e du jardin<\/em><\/figcaption><\/figure>\n\n\n\n<p>Le dimanche, c\u2019est Anissa et Sylvain qui ont pris le relais, pour installer un stand temporaire \u00e0 l\u2019entr\u00e9e du jardin, et assurer la m\u00e9diation au fur et \u00e0 mesure de l\u2019arriv\u00e9e des visiteurs sur site.<\/p>\n\n\n\n<p>Cela avec le renfort de Fabienne, venue avec des fleurs de cosmos \u00e0 planter, des pommes et des grappes de raisins \u00e0 d\u00e9guster, provenant de son jardin situ\u00e9 non loin de la maison Monnet.<\/p>\n\n\n\n<p>Nous avons \u00e9galement eu le plaisir d\u2019avoir la visite de notre membre bienfaiteur Olivier, le fils de Janine Feland, qui mettent \u00e0 disposition leur maison de Dampierre comme si\u00e8ge de l\u2019association, et nous soutiennent depuis le d\u00e9but dans le d\u00e9veloppement de nos activit\u00e9s, et cela malgr\u00e9 l\u2019\u00e9loignement g\u00e9ographique d\u2019Olivier, depuis ses ancrages canadien et carib\u00e9en. Olivier a m\u00eame mis la main \u00e0 la p\u00e2te, participant \u00e0 la suite du travail pour la cr\u00e9ation du troisi\u00e8me parterre, pour le chargement et le transport de la terre de plantation.<\/p>\n\n\n\n<figure class=\"wp-block-image aligncenter size-large\"><img loading=\"lazy\" decoding=\"async\" width=\"750\" height=\"1024\" src=\"https:\/\/paradeisos.eu\/wp-content\/uploads\/2024\/10\/image-337-750x1024.png\" alt=\"\" class=\"wp-image-998\" srcset=\"https:\/\/paradeisos.eu\/wp-content\/uploads\/2024\/10\/image-337-750x1024.png 750w, https:\/\/paradeisos.eu\/wp-content\/uploads\/2024\/10\/image-337-220x300.png 220w, https:\/\/paradeisos.eu\/wp-content\/uploads\/2024\/10\/image-337-768x1049.png 768w, https:\/\/paradeisos.eu\/wp-content\/uploads\/2024\/10\/image-337.png 791w\" sizes=\"auto, (max-width: 750px) 100vw, 750px\" \/><figcaption class=\"wp-element-caption\"><em>Olivier et Sylvain \u00e0 la d\u00e9gustation du raisin autour du stand Paradeisos\u2026<\/em><\/figcaption><\/figure>\n\n\n\n<figure class=\"wp-block-image aligncenter size-large\"><img loading=\"lazy\" decoding=\"async\" width=\"1024\" height=\"683\" src=\"https:\/\/paradeisos.eu\/wp-content\/uploads\/2024\/10\/image-338-1024x683.png\" alt=\"\" class=\"wp-image-999\" srcset=\"https:\/\/paradeisos.eu\/wp-content\/uploads\/2024\/10\/image-338-1024x683.png 1024w, https:\/\/paradeisos.eu\/wp-content\/uploads\/2024\/10\/image-338-300x200.png 300w, https:\/\/paradeisos.eu\/wp-content\/uploads\/2024\/10\/image-338-768x512.png 768w, https:\/\/paradeisos.eu\/wp-content\/uploads\/2024\/10\/image-338-1536x1024.png 1536w, https:\/\/paradeisos.eu\/wp-content\/uploads\/2024\/10\/image-338.png 1920w\" sizes=\"auto, (max-width: 1024px) 100vw, 1024px\" \/><figcaption class=\"wp-element-caption\"><em>\u2026puis \u00e9changes dans le jardin avec la directrice du mus\u00e9e du Parfum<\/em><\/figcaption><\/figure>\n\n\n\n<figure class=\"wp-block-image aligncenter size-full\"><img loading=\"lazy\" decoding=\"async\" width=\"611\" height=\"458\" src=\"https:\/\/paradeisos.eu\/wp-content\/uploads\/2024\/10\/image-339.png\" alt=\"\" class=\"wp-image-1000\" srcset=\"https:\/\/paradeisos.eu\/wp-content\/uploads\/2024\/10\/image-339.png 611w, https:\/\/paradeisos.eu\/wp-content\/uploads\/2024\/10\/image-339-300x225.png 300w\" sizes=\"auto, (max-width: 611px) 100vw, 611px\" \/><figcaption class=\"wp-element-caption\"><em>Fabienne \u00e0 la plantation des cosmos dans la nouvelle plate-bande<\/em><\/figcaption><\/figure>\n\n\n\n<figure class=\"wp-block-image aligncenter size-full\"><img loading=\"lazy\" decoding=\"async\" width=\"839\" height=\"629\" src=\"https:\/\/paradeisos.eu\/wp-content\/uploads\/2024\/10\/image-340.png\" alt=\"\" class=\"wp-image-1001\" srcset=\"https:\/\/paradeisos.eu\/wp-content\/uploads\/2024\/10\/image-340.png 839w, https:\/\/paradeisos.eu\/wp-content\/uploads\/2024\/10\/image-340-300x225.png 300w, https:\/\/paradeisos.eu\/wp-content\/uploads\/2024\/10\/image-340-768x576.png 768w\" sizes=\"auto, (max-width: 839px) 100vw, 839px\" \/><figcaption class=\"wp-element-caption\"><em>Sylvain en pleine \u00ab vocation amish \u00bb pour les bordures du parterre<\/em><\/figcaption><\/figure>\n\n\n\n<p>Pour finir, comme bien souvent, nous avons v\u00e9cu de bien belles journ\u00e9es, riches en rencontres, en \u00e9changes, et en travaux utiles, du c\u00f4t\u00e9 de la Maison Monnet. Avec comme toujours un accueil bienveillant et amical des \u00e9quipes sur place. Merci en particulier \u00e0 Josette et Debora pour leur accompagnent du dimanche\u00a0!<\/p>\n\n\n\n<figure class=\"wp-block-image aligncenter size-full\"><img loading=\"lazy\" decoding=\"async\" width=\"1024\" height=\"768\" src=\"https:\/\/paradeisos.eu\/wp-content\/uploads\/2024\/10\/image-341.png\" alt=\"\" class=\"wp-image-1002\" srcset=\"https:\/\/paradeisos.eu\/wp-content\/uploads\/2024\/10\/image-341.png 1024w, https:\/\/paradeisos.eu\/wp-content\/uploads\/2024\/10\/image-341-300x225.png 300w, https:\/\/paradeisos.eu\/wp-content\/uploads\/2024\/10\/image-341-768x576.png 768w\" sizes=\"auto, (max-width: 1024px) 100vw, 1024px\" \/><\/figure>\n\n\n\n<p><strong>A bient\u00f4t pour de nouvelles occasions !<\/strong><\/p>\n\n\n\n<p><strong>L\u2019\u00e9quipe Paradeisos.<\/strong><\/p>\n","protected":false},"excerpt":{"rendered":"<p>Voici quelques retours sur les Journ\u00e9es europ\u00e9ennes du patrimoine qui se sont d\u00e9roul\u00e9es le week-end dernier, dans un contexte toujours aussi perturb\u00e9 par les alertes sanitaires. Comme nous l\u2019annoncions d\u00e9j\u00e0 dans la derni\u00e8re newsletter, nous n\u2019avons pu organiser d\u2019\u00e9v\u00e9nement ni communiquer dans ce contexte, en respect des consignes renforc\u00e9es d\u00e9cid\u00e9es par les institutions europ\u00e9ennes. La [&hellip;]<\/p>\n","protected":false},"author":3,"featured_media":999,"comment_status":"open","ping_status":"open","sticky":false,"template":"","format":"standard","meta":{"footnotes":""},"categories":[16],"tags":[],"class_list":["post-995","post","type-post","status-publish","format-standard","has-post-thumbnail","hentry","category-newsletter"],"_links":{"self":[{"href":"https:\/\/paradeisos.eu\/index.php?rest_route=\/wp\/v2\/posts\/995","targetHints":{"allow":["GET"]}}],"collection":[{"href":"https:\/\/paradeisos.eu\/index.php?rest_route=\/wp\/v2\/posts"}],"about":[{"href":"https:\/\/paradeisos.eu\/index.php?rest_route=\/wp\/v2\/types\/post"}],"author":[{"embeddable":true,"href":"https:\/\/paradeisos.eu\/index.php?rest_route=\/wp\/v2\/users\/3"}],"replies":[{"embeddable":true,"href":"https:\/\/paradeisos.eu\/index.php?rest_route=%2Fwp%2Fv2%2Fcomments&post=995"}],"version-history":[{"count":1,"href":"https:\/\/paradeisos.eu\/index.php?rest_route=\/wp\/v2\/posts\/995\/revisions"}],"predecessor-version":[{"id":1003,"href":"https:\/\/paradeisos.eu\/index.php?rest_route=\/wp\/v2\/posts\/995\/revisions\/1003"}],"wp:featuredmedia":[{"embeddable":true,"href":"https:\/\/paradeisos.eu\/index.php?rest_route=\/wp\/v2\/media\/999"}],"wp:attachment":[{"href":"https:\/\/paradeisos.eu\/index.php?rest_route=%2Fwp%2Fv2%2Fmedia&parent=995"}],"wp:term":[{"taxonomy":"category","embeddable":true,"href":"https:\/\/paradeisos.eu\/index.php?rest_route=%2Fwp%2Fv2%2Fcategories&post=995"},{"taxonomy":"post_tag","embeddable":true,"href":"https:\/\/paradeisos.eu\/index.php?rest_route=%2Fwp%2Fv2%2Ftags&post=995"}],"curies":[{"name":"wp","href":"https:\/\/api.w.org\/{rel}","templated":true}]}}