{"id":988,"date":"2020-09-16T14:00:00","date_gmt":"2020-09-16T12:00:00","guid":{"rendered":"https:\/\/paradeisos.eu\/?p=988"},"modified":"2024-10-10T14:02:54","modified_gmt":"2024-10-10T12:02:54","slug":"lentretien-estival-du-jardin-citoyen-europeen-et-parution-du-livre-le-jardin-de-port-royal","status":"publish","type":"post","link":"https:\/\/paradeisos.eu\/?p=988","title":{"rendered":"L\u2019entretien estival du Jardin citoyen europ\u00e9en et parution du livre \u201cLe Jardin de Port-Royal\u201d"},"content":{"rendered":"\n<p>Cher amis,<\/p>\n\n\n\n<p>Nous revenons vers vous en cette p\u00e9riode de rentr\u00e9e, dans un contexte g\u00e9n\u00e9ral toujours tr\u00e8s perturb\u00e9. Nous n\u2019en continuons pas moins nos actions \u00e0 distance, m\u00eame si nos retrouvailles associatives tant attendues devront patienter encore un peu.<\/p>\n\n\n\n<p>Les consignes autour de l\u2019organisation \u00e9v\u00e9nementielle sont en effet encore trop contraignantes, en particulier pour notre partenaire de la Maison Monnet, directement concern\u00e9 par les mesures sanitaires renforc\u00e9es prises par les institutions europ\u00e9ennes.<\/p>\n\n\n\n<p>C\u2019est pourquoi ne nous pourrons pas organiser ni communiquer sur des \u00e9v\u00e9nements communs pour les prochaines Journ\u00e9es europ\u00e9ennes du Patrimoine, contrairement aux ann\u00e9es pr\u00e9c\u00e9dentes.<\/p>\n\n\n\n<figure class=\"wp-block-image aligncenter size-full\"><img loading=\"lazy\" decoding=\"async\" width=\"1024\" height=\"768\" src=\"https:\/\/paradeisos.eu\/wp-content\/uploads\/2024\/10\/image-330.png\" alt=\"\" class=\"wp-image-989\" srcset=\"https:\/\/paradeisos.eu\/wp-content\/uploads\/2024\/10\/image-330.png 1024w, https:\/\/paradeisos.eu\/wp-content\/uploads\/2024\/10\/image-330-300x225.png 300w, https:\/\/paradeisos.eu\/wp-content\/uploads\/2024\/10\/image-330-768x576.png 768w\" sizes=\"auto, (max-width: 1024px) 100vw, 1024px\" \/><\/figure>\n\n\n\n<p>Nous avons tout de m\u00eame quelques bonnes nouvelles \u00e0 vous partager en attendant\u2026<\/p>\n\n\n\n<p>D\u2019abord notre Jardin citoyen europ\u00e9en a bien pass\u00e9 l\u2019\u00e9t\u00e9, et il a toujours belle allure, gr\u00e2ce notamment \u00e0 une impressionnante \u00e9closion de fleurs d\u2019artichauts en juillet dernier, suivi en ao\u00fbt d\u2019une explosion de dahlias au couleurs chatoyantes. On ne pouvait r\u00eaver meilleure m\u00e9diation pour faire \u00e9cho aux tableaux floraux de Silvia Monnet pr\u00e9sents dans la maison-mus\u00e9e.<\/p>\n\n\n\n<p>Ce r\u00e9sultat gr\u00e2ce au travail de suivi estival r\u00e9alis\u00e9 en relais dans l\u2019association, malgr\u00e9 un contexte compliqu\u00e9 : merci en particulier \u00e0 Juliette, Irina, Sylvie (M.), Sylvie (S.), Hanna, Corinne et Sylvain, mais aussi \u00e0 l\u2019\u00e9quipe de la Maison Monnet, en particulier Josette, Debora, Lucas et Philippe, qui ont \u00e9galement veill\u00e9 sur le jardin, en particulier durant la d\u00e9licate p\u00e9riode caniculaire.<\/p>\n\n\n\n<figure class=\"wp-block-image aligncenter size-full\"><img loading=\"lazy\" decoding=\"async\" width=\"1024\" height=\"768\" src=\"https:\/\/paradeisos.eu\/wp-content\/uploads\/2024\/10\/image-331.png\" alt=\"\" class=\"wp-image-990\" srcset=\"https:\/\/paradeisos.eu\/wp-content\/uploads\/2024\/10\/image-331.png 1024w, https:\/\/paradeisos.eu\/wp-content\/uploads\/2024\/10\/image-331-300x225.png 300w, https:\/\/paradeisos.eu\/wp-content\/uploads\/2024\/10\/image-331-768x576.png 768w\" sizes=\"auto, (max-width: 1024px) 100vw, 1024px\" \/><\/figure>\n\n\n\n<figure class=\"wp-block-image aligncenter size-full\"><img loading=\"lazy\" decoding=\"async\" width=\"1024\" height=\"768\" src=\"https:\/\/paradeisos.eu\/wp-content\/uploads\/2024\/10\/image-332.png\" alt=\"\" class=\"wp-image-991\" srcset=\"https:\/\/paradeisos.eu\/wp-content\/uploads\/2024\/10\/image-332.png 1024w, https:\/\/paradeisos.eu\/wp-content\/uploads\/2024\/10\/image-332-300x225.png 300w, https:\/\/paradeisos.eu\/wp-content\/uploads\/2024\/10\/image-332-768x576.png 768w\" sizes=\"auto, (max-width: 1024px) 100vw, 1024px\" \/><\/figure>\n\n\n\n<div style=\"height:25px\" aria-hidden=\"true\" class=\"wp-block-spacer\"><\/div>\n\n\n\n<h4 class=\"wp-block-heading\">Autre nouvelle dans la vie de notre association :<\/h4>\n\n\n\n<p>L\u2019ouvrage de notre Pr\u00e9sident Sylvain Hilaire vient de para\u00eetre aux \u00e9ditions Classiques Garnier, sous le titre :<\/p>\n\n\n\n<p><em><strong>Le Jardin de Port-Royal. Etude des jardins et paysages culturels.<\/strong><\/em><\/p>\n\n\n\n<p><a href=\"https:\/\/classiques-garnier.com\/le-jardin-de-port-royal-etude-des-jardins-et-des-paysages-culturels.html\">https:\/\/classiques-garnier.com\/le-jardin-de-port-royal-etude-des-jardins-et-des-paysages-culturels.html<\/a><\/p>\n\n\n\n<p><a href=\"https:\/\/www.parcsetjardins.fr\/actualites\/presse-et-edition\/le-jardin-de-port-royal-etude-des-jardins-et-des-paysages-culturels-1672\">https:\/\/www.parcsetjardins.fr\/actualites\/presse-et-edition\/le-jardin-de-port-royal-etude-des-jardins-et-des-paysages-culturels-1672<\/a><\/p>\n\n\n\n<figure class=\"wp-block-image aligncenter size-full\"><img loading=\"lazy\" decoding=\"async\" width=\"333\" height=\"500\" src=\"https:\/\/paradeisos.eu\/wp-content\/uploads\/2024\/10\/image-333.png\" alt=\"\" class=\"wp-image-992\" srcset=\"https:\/\/paradeisos.eu\/wp-content\/uploads\/2024\/10\/image-333.png 333w, https:\/\/paradeisos.eu\/wp-content\/uploads\/2024\/10\/image-333-200x300.png 200w\" sizes=\"auto, (max-width: 333px) 100vw, 333px\" \/><\/figure>\n\n\n\n<p><em><strong>Le Jardin de Port-Royal<\/strong><\/em><\/p>\n\n\n\n<p><em><strong>\u00c9tude des jardins et des paysages culturels<\/strong><\/em><\/p>\n\n\n\n<p>Cet ouvrage d\u00e9veloppe une approche globale de l\u2019histoire de Port-Royal \u00e0 partir du prisme du jardin et du paysage, comme cl\u00e9 de relecture des enjeux de la modernit\u00e9 classique en France et en Europe, dans toutes ses dimensions humaine et soci\u00e9tale : tant politique, savante, culturelle, religieuse, botanique, m\u00e9dicinale, environnementale, que paysag\u00e8re, agronomique et bien s\u00fbr horticole\u2026<\/p>\n\n\n\n<p>Cette \u00e9tude d\u00e9veloppe ensuite une analyse des processus de patrimonialisation qui sont \u00e0 l\u2019\u0153uvre sur la longue dur\u00e9e, jusqu\u2019\u00e0 faire \u00e9merger l\u2019image d\u2019une singuli\u00e8re \u00ab figure paysag\u00e8re de la Nation \u00bb, occupant une place \u00e0 part dans la R\u00e9publique des Lettres et des savants europ\u00e9ens.<\/p>\n\n\n\n<p>L\u2019ouvrage et son auteur seront pr\u00e9sent\u00e9s \u00e0 diverses occasions entre les Yvelines et Paris pour cette rentr\u00e9e litt\u00e9raire, dont voici les prochaines dates :<\/p>\n\n\n\n<p>\u2013&nbsp;<strong>Le jeudi 24 septembre<\/strong>&nbsp;prochain, \u00e0 19h \u00e0 l\u2019auditorium de la M\u00e9diath\u00e8que du Canal \u00e0 Montigny-le-Bretonneux. Associ\u00e9 \u00e0 une conf\u00e9rence sur l\u2019histoire des jardins en Europe<\/p>\n\n\n\n<p><strong>\u2013 Le samedi 26 septembre<\/strong>, \u00e0 14h30, au mus\u00e9e national de Port-Royal des Champs<\/p>\n\n\n\n<p>Pour une pr\u00e9sentation du parcours de l\u2019auteur, suivi d\u2019une promenade-discussion dans les jardins <a href=\"http:\/\/port-royal-des-champs.eu\/programmation\/conferences\/512-conference-jardin-port-royal-2020-09-26.html\">http:\/\/port-royal-des-champs.eu\/programmation\/conferences\/512-conference-jardin-port-royal-2020-09-26.html<\/a><\/p>\n\n\n\n<p><strong>\u2013 Le vendredi 9 octobre<\/strong>, \u00e0 19h, sur la p\u00e9niche-librairie \u00ab L\u2019eau et les r\u00eaves \u00bb, sur le Canal de l\u2019Ourcq, \u00e0 Paris. Pour une soir\u00e9e-d\u00eener rencontre d\u2019auteurs autour du th\u00e8me des \u00ab Jardins et paysages du romantisme europ\u00e9en \u00bb. En lien avec&nbsp;<em>la Journ\u00e9e du Livre europ\u00e9en et m\u00e9diterran\u00e9en, et notre association Paradeisos \u2013 Jardin europ\u00e9en.<\/em><\/p>\n\n\n\n<p>Pour en savoir plus sur le lieu unique qui accueille cet \u00e9v\u00e9nement : <a href=\"https:\/\/www.penichelibrairie.com\/la-librairie\">https:\/\/www.penichelibrairie.com\/la-librairie<\/a><\/p>\n\n\n\n<figure class=\"wp-block-image aligncenter size-large\"><img loading=\"lazy\" decoding=\"async\" width=\"1024\" height=\"444\" src=\"https:\/\/paradeisos.eu\/wp-content\/uploads\/2024\/10\/image-334-1024x444.png\" alt=\"\" class=\"wp-image-993\" srcset=\"https:\/\/paradeisos.eu\/wp-content\/uploads\/2024\/10\/image-334-1024x444.png 1024w, https:\/\/paradeisos.eu\/wp-content\/uploads\/2024\/10\/image-334-300x130.png 300w, https:\/\/paradeisos.eu\/wp-content\/uploads\/2024\/10\/image-334-768x333.png 768w, https:\/\/paradeisos.eu\/wp-content\/uploads\/2024\/10\/image-334.png 1200w\" sizes=\"auto, (max-width: 1024px) 100vw, 1024px\" \/><\/figure>\n\n\n\n<p>Une soir\u00e9e durant laquelle sera pr\u00e9sent\u00e9 l\u2019ouvrage&nbsp;<em>Le Jardin de Port-Royal<\/em>, mis en perspective avec les signes pr\u00e9curseurs et pr\u00e9mices du romantisme en Europe durant la p\u00e9riode Baroque\/Classique, entre le XVI\u00e8me et le XVIII\u00e8me si\u00e8cle. Suivi ensuite d\u2019\u00e9changes entre plusieurs auteurs et intervenants sp\u00e9cialis\u00e9s sur les h\u00e9ritages et \u00e9chos contemporains de la pens\u00e9e romantique en Europe.<\/p>\n\n\n\n<p>Pour plus d\u2019informations et contacts afin de r\u00e9server vos places, n\u2019h\u00e9sitez pas \u00e0 nous contacter directement \u00e0 l\u2019adresse de l\u2019association (<a href=\"mailto:paradeisos@netc.eu\">paradeisos@netc.eu<\/a>), car les jauges de ces \u00e9v\u00e9nements seront r\u00e9duites en raison des contraintes sanitaires.<\/p>\n\n\n\n<p>Autant d\u2019occasions de se retrouver dans cette p\u00e9riode d\u00e9licate de \u00ab mise \u00e0 distance sociale \u00bb, en attendant d\u2019avoir la possibilit\u00e9 d\u2019organiser de vraies retrouvailles pour notre collectif associatif d\u00e8s que cela redeviendra envisageable.<\/p>\n\n\n\n<p>Vous souhaitant \u00e0 tous la meilleure rentr\u00e9e possible !<\/p>\n\n\n\n<p>Avec la volont\u00e9 de continuer \u00e0 \u00ab cultiver notre jardin \u00bb\u2026<\/p>\n\n\n\n<p><strong>L\u2019\u00e9quipe Paradeisos<\/strong><\/p>\n","protected":false},"excerpt":{"rendered":"<p>Cher amis, Nous revenons vers vous en cette p\u00e9riode de rentr\u00e9e, dans un contexte g\u00e9n\u00e9ral toujours tr\u00e8s perturb\u00e9. Nous n\u2019en continuons pas moins nos actions \u00e0 distance, m\u00eame si nos retrouvailles associatives tant attendues devront patienter encore un peu. Les consignes autour de l\u2019organisation \u00e9v\u00e9nementielle sont en effet encore trop contraignantes, en particulier pour notre [&hellip;]<\/p>\n","protected":false},"author":3,"featured_media":990,"comment_status":"open","ping_status":"open","sticky":false,"template":"","format":"standard","meta":{"footnotes":""},"categories":[16],"tags":[],"class_list":["post-988","post","type-post","status-publish","format-standard","has-post-thumbnail","hentry","category-newsletter"],"_links":{"self":[{"href":"https:\/\/paradeisos.eu\/index.php?rest_route=\/wp\/v2\/posts\/988","targetHints":{"allow":["GET"]}}],"collection":[{"href":"https:\/\/paradeisos.eu\/index.php?rest_route=\/wp\/v2\/posts"}],"about":[{"href":"https:\/\/paradeisos.eu\/index.php?rest_route=\/wp\/v2\/types\/post"}],"author":[{"embeddable":true,"href":"https:\/\/paradeisos.eu\/index.php?rest_route=\/wp\/v2\/users\/3"}],"replies":[{"embeddable":true,"href":"https:\/\/paradeisos.eu\/index.php?rest_route=%2Fwp%2Fv2%2Fcomments&post=988"}],"version-history":[{"count":1,"href":"https:\/\/paradeisos.eu\/index.php?rest_route=\/wp\/v2\/posts\/988\/revisions"}],"predecessor-version":[{"id":994,"href":"https:\/\/paradeisos.eu\/index.php?rest_route=\/wp\/v2\/posts\/988\/revisions\/994"}],"wp:featuredmedia":[{"embeddable":true,"href":"https:\/\/paradeisos.eu\/index.php?rest_route=\/wp\/v2\/media\/990"}],"wp:attachment":[{"href":"https:\/\/paradeisos.eu\/index.php?rest_route=%2Fwp%2Fv2%2Fmedia&parent=988"}],"wp:term":[{"taxonomy":"category","embeddable":true,"href":"https:\/\/paradeisos.eu\/index.php?rest_route=%2Fwp%2Fv2%2Fcategories&post=988"},{"taxonomy":"post_tag","embeddable":true,"href":"https:\/\/paradeisos.eu\/index.php?rest_route=%2Fwp%2Fv2%2Ftags&post=988"}],"curies":[{"name":"wp","href":"https:\/\/api.w.org\/{rel}","templated":true}]}}