{"id":716,"date":"2018-09-02T15:01:00","date_gmt":"2018-09-02T13:01:00","guid":{"rendered":"https:\/\/paradeisos.eu\/?p=716"},"modified":"2024-10-09T15:03:44","modified_gmt":"2024-10-09T13:03:44","slug":"reunion-de-rentree-du-conseil-dadministration-de-paradeisos","status":"publish","type":"post","link":"https:\/\/paradeisos.eu\/?p=716","title":{"rendered":"R\u00e9union de rentr\u00e9e du conseil d\u2019administration de Paradeisos"},"content":{"rendered":"\n<p>Nous nous sommes r\u00e9unis le samedi 1er septembre \u00e0 Port-Royal en conseil d\u2019administration \u00e9largi pour pr\u00e9parer la rentr\u00e9e et la fin du chantier du jardin participatif Jean Monnet qui se d\u00e9roulera le dimanche 30 septembre.<\/p>\n\n\n\n<figure class=\"wp-block-image aligncenter size-large\"><img loading=\"lazy\" decoding=\"async\" width=\"1024\" height=\"768\" src=\"https:\/\/paradeisos.eu\/wp-content\/uploads\/2024\/10\/image-229-1024x768.png\" alt=\"\" class=\"wp-image-717\" srcset=\"https:\/\/paradeisos.eu\/wp-content\/uploads\/2024\/10\/image-229-1024x768.png 1024w, https:\/\/paradeisos.eu\/wp-content\/uploads\/2024\/10\/image-229-300x225.png 300w, https:\/\/paradeisos.eu\/wp-content\/uploads\/2024\/10\/image-229-768x576.png 768w, https:\/\/paradeisos.eu\/wp-content\/uploads\/2024\/10\/image-229-1536x1152.png 1536w, https:\/\/paradeisos.eu\/wp-content\/uploads\/2024\/10\/image-229.png 2048w\" sizes=\"auto, (max-width: 1024px) 100vw, 1024px\" \/><\/figure>\n\n\n\n<p>Dans une ambiance studieuse mais conviviale, nous avons \u00e9tabli la r\u00e9partition des t\u00e2ches et d\u00e9fini des groupes de travail pour les actions \u00e0 pr\u00e9parer : travaux, acquisition de v\u00e9g\u00e9taux, pr\u00e9paration\u2026 le mois de septembre va \u00eatre charg\u00e9.<\/p>\n\n\n\n<p><strong>Calendrier du mois de septembre<\/strong><\/p>\n\n\n\n<ul class=\"wp-block-list\">\n<li><strong>Dimanche 9 :<\/strong>\u00a0journ\u00e9e associative d\u2019avancement des travaux<\/li>\n\n\n\n<li><strong>Dimanche 16 :<\/strong>\u00a0conf\u00e9rence \u00ab\u00a0l\u2019art du partage par le jardin\u00a0\u00bb Anim\u00e9e par l\u2019\u00e9quipe Paradeisos \u2013 Jardins europ\u00e9en**,**\u00a0dans le cadre des Journ\u00e9es Europ\u00e9ennes du Patrimoine.<\/li>\n\n\n\n<li><strong>Lundi 17\u00a0:<\/strong>\u00a0journ\u00e9e partenaires<\/li>\n\n\n\n<li><strong>Dimanche 23 :<\/strong>\u00a0journ\u00e9e associative d\u2019avancement des travaux<\/li>\n\n\n\n<li><strong>Lundi 24 :<\/strong>\u00a0journ\u00e9e partenaires<\/li>\n\n\n\n<li><strong>Dimanche 30 :<\/strong>\u00a0inauguration du jardin citoyen europ\u00e9en Jean Monnet<\/li>\n<\/ul>\n\n\n\n<p>Nous avons termin\u00e9 cette r\u00e9union par un petit pique-nique dans les jardins de Port-Royal &nbsp;pour profiter d\u2019un moment de convivialit\u00e9 et d\u2019un beau soleil de fin de vacances estivales.<\/p>\n\n\n\n<figure class=\"wp-block-image aligncenter size-large\"><img loading=\"lazy\" decoding=\"async\" width=\"1024\" height=\"768\" src=\"https:\/\/paradeisos.eu\/wp-content\/uploads\/2024\/10\/image-230-1024x768.png\" alt=\"\" class=\"wp-image-718\" srcset=\"https:\/\/paradeisos.eu\/wp-content\/uploads\/2024\/10\/image-230-1024x768.png 1024w, https:\/\/paradeisos.eu\/wp-content\/uploads\/2024\/10\/image-230-300x225.png 300w, https:\/\/paradeisos.eu\/wp-content\/uploads\/2024\/10\/image-230-768x576.png 768w, https:\/\/paradeisos.eu\/wp-content\/uploads\/2024\/10\/image-230-1536x1152.png 1536w, https:\/\/paradeisos.eu\/wp-content\/uploads\/2024\/10\/image-230.png 2048w\" sizes=\"auto, (max-width: 1024px) 100vw, 1024px\" \/><\/figure>\n\n\n\n<p>Nous vous souhaitons une bonne rentr\u00e9e et \u00e0 bient\u00f4t dans notre jardin.<\/p>\n","protected":false},"excerpt":{"rendered":"<p>Nous nous sommes r\u00e9unis le samedi 1er septembre \u00e0 Port-Royal en conseil d\u2019administration \u00e9largi pour pr\u00e9parer la rentr\u00e9e et la fin du chantier du jardin participatif Jean Monnet qui se d\u00e9roulera le dimanche 30 septembre. Dans une ambiance studieuse mais conviviale, nous avons \u00e9tabli la r\u00e9partition des t\u00e2ches et d\u00e9fini des groupes de travail pour [&hellip;]<\/p>\n","protected":false},"author":3,"featured_media":717,"comment_status":"open","ping_status":"open","sticky":false,"template":"","format":"standard","meta":{"footnotes":""},"categories":[16],"tags":[],"class_list":["post-716","post","type-post","status-publish","format-standard","has-post-thumbnail","hentry","category-newsletter"],"_links":{"self":[{"href":"https:\/\/paradeisos.eu\/index.php?rest_route=\/wp\/v2\/posts\/716","targetHints":{"allow":["GET"]}}],"collection":[{"href":"https:\/\/paradeisos.eu\/index.php?rest_route=\/wp\/v2\/posts"}],"about":[{"href":"https:\/\/paradeisos.eu\/index.php?rest_route=\/wp\/v2\/types\/post"}],"author":[{"embeddable":true,"href":"https:\/\/paradeisos.eu\/index.php?rest_route=\/wp\/v2\/users\/3"}],"replies":[{"embeddable":true,"href":"https:\/\/paradeisos.eu\/index.php?rest_route=%2Fwp%2Fv2%2Fcomments&post=716"}],"version-history":[{"count":1,"href":"https:\/\/paradeisos.eu\/index.php?rest_route=\/wp\/v2\/posts\/716\/revisions"}],"predecessor-version":[{"id":719,"href":"https:\/\/paradeisos.eu\/index.php?rest_route=\/wp\/v2\/posts\/716\/revisions\/719"}],"wp:featuredmedia":[{"embeddable":true,"href":"https:\/\/paradeisos.eu\/index.php?rest_route=\/wp\/v2\/media\/717"}],"wp:attachment":[{"href":"https:\/\/paradeisos.eu\/index.php?rest_route=%2Fwp%2Fv2%2Fmedia&parent=716"}],"wp:term":[{"taxonomy":"category","embeddable":true,"href":"https:\/\/paradeisos.eu\/index.php?rest_route=%2Fwp%2Fv2%2Fcategories&post=716"},{"taxonomy":"post_tag","embeddable":true,"href":"https:\/\/paradeisos.eu\/index.php?rest_route=%2Fwp%2Fv2%2Ftags&post=716"}],"curies":[{"name":"wp","href":"https:\/\/api.w.org\/{rel}","templated":true}]}}