{"id":423,"date":"2019-05-05T13:29:00","date_gmt":"2019-05-05T11:29:00","guid":{"rendered":"https:\/\/paradeisos.eu\/?p=423"},"modified":"2024-10-06T13:31:42","modified_gmt":"2024-10-06T11:31:42","slug":"un-appel-pour-la-preservation-de-la-biodiversite-domestique","status":"publish","type":"post","link":"https:\/\/paradeisos.eu\/?p=423","title":{"rendered":"Un appel pour la pr\u00e9servation de la biodiversit\u00e9 domestique"},"content":{"rendered":"\n<figure class=\"wp-block-image aligncenter size-large\"><img loading=\"lazy\" decoding=\"async\" width=\"1024\" height=\"538\" src=\"https:\/\/paradeisos.eu\/wp-content\/uploads\/2024\/10\/image-82-1024x538.png\" alt=\"\" class=\"wp-image-424\" srcset=\"https:\/\/paradeisos.eu\/wp-content\/uploads\/2024\/10\/image-82-1024x538.png 1024w, https:\/\/paradeisos.eu\/wp-content\/uploads\/2024\/10\/image-82-300x158.png 300w, https:\/\/paradeisos.eu\/wp-content\/uploads\/2024\/10\/image-82-768x403.png 768w, https:\/\/paradeisos.eu\/wp-content\/uploads\/2024\/10\/image-82.png 1200w\" sizes=\"auto, (max-width: 1024px) 100vw, 1024px\" \/><\/figure>\n\n\n\n<p>Chers amis paradeisiens,<\/p>\n\n\n\n<p>Nous vous faisons suivre ce lien \u00e9manant du Centre de Ressources de Botanique Appliqu\u00e9e (CRBA), qui est en premi\u00e8re ligne pour d\u00e9fendre en France et en Europe la \u00ab&nbsp;biodiversit\u00e9 domestique&nbsp;\u00bb, c\u2019est \u00e0 dire celle qui est la plus proche de nous, qui se trouve souvent juste sous notre nez\u2026 sous nos yeux\u2026 mais sans que nous sachions le plus souvent en comprendre l\u2019extraordinaire histoire et potentialit\u00e9.<\/p>\n\n\n\n<p>Cet appel repose sur une id\u00e9e fondamentale qui se trouve au c\u0153ur des valeurs et de l\u2019action de notre association : prendre conscience de la diversit\u00e9 du vivant comme fruit de notre histoire collective sur la longue dur\u00e9e, et \u00e0 partir de l\u00e0, trouver les moyens d\u2019agir pour la pr\u00e9server et la valoriser au bon niveau, dans le sens de l\u2019int\u00e9r\u00eat commun.<\/p>\n\n\n\n<figure class=\"wp-block-image aligncenter size-full\"><img loading=\"lazy\" decoding=\"async\" width=\"350\" height=\"161\" src=\"https:\/\/paradeisos.eu\/wp-content\/uploads\/2024\/10\/image-83.png\" alt=\"\" class=\"wp-image-425\" srcset=\"https:\/\/paradeisos.eu\/wp-content\/uploads\/2024\/10\/image-83.png 350w, https:\/\/paradeisos.eu\/wp-content\/uploads\/2024\/10\/image-83-300x138.png 300w\" sizes=\"auto, (max-width: 350px) 100vw, 350px\" \/><\/figure>\n\n\n\n<p>L\u2019interaction humaine sur son environnement conna\u00eet en effet deux grands mouvements oppos\u00e9s, avec des niveaux d\u2019articulations complexes&nbsp; :<\/p>\n\n\n\n<ul class=\"wp-block-list\">\n<li>le premier, qui occupe de plus en plus fr\u00e9quemment l\u2019actualit\u00e9 politique et m\u00e9diatique, et malheureusement encore trop dominant, est celui d\u2019un m\u00e9canisme global mortif\u00e8re d\u2019appauvrissement de la diversit\u00e9 naturelle, g\u00e9n\u00e9ralement associ\u00e9 \u00e0 un appauvrissement social et culturel, qui repose en grande partie sur un certain syst\u00e8me\/id\u00e9ologie \u00e9conomique d\u2019exploitation intensive \u00e0 courte vue, coupl\u00e9 souvent \u00e0 une mauvaise utilisation\/d\u00e9voiement des savoirs, outils et potentiels technologiques.<\/li>\n\n\n\n<li>le second, largement aussi important que le premier, mais dont on parle beaucoup moins, est celui de \u00ab\u00a0l\u2019Homo Hortus Botanicus\u00a0\u00bb, soit le r\u00f4le ancien et fondamental de l\u2019Homme comme \u00ab\u00a0jardinier de la Terre\u00a0\u00bb, comme r\u00e9v\u00e9lateur, acc\u00e9l\u00e9rateur et valorisateur de la biodiversit\u00e9 v\u00e9g\u00e9tale. En effet, le nombre d\u2019esp\u00e8ces et de vari\u00e9t\u00e9s de plantes qui ont \u00e9volu\u00e9 en relation avec les milieux humains est proprement incalculable, et correspond vraisemblablement \u00e0 une majorit\u00e9 du r\u00e8gne vivant.<\/li>\n<\/ul>\n\n\n\n<p>Par exemple, les chercheurs parlent d\u00e9sormais de \u00ab&nbsp;sols bio-anthropiques&nbsp;\u00bb : sols organiques hyper-fertiles, recelant de remarquables r\u00e9servoirs de biodiversit\u00e9, model\u00e9s par l\u2019histoire mill\u00e9naire de populations locales, et composant le terreau de paysages culturels d\u2019une extraordinaire richesse. Il y a le cas bien connu de la Terra Petra en Amazonie. Nous vous proposerons prochainement un article plus cibl\u00e9 sur le sujet, car nous avons la chance d\u2019avoir parmi nos membres d\u2019honneur Guy Reinaud, Pr\u00e9sident de l\u2019ONG Internationale Pro Natura, qui d\u00e9veloppe cette approche autour de l\u2019utilisation du biochar (Voici un lien en attendant :&nbsp;<a href=\"http:\/\/www.pronatura.org\/?page_id=521\">http:\/\/www.pronatura.org\/?page_id=521<\/a>)<\/p>\n\n\n\n<p>Concernant cette initiative du CRBA, nous allons \u00e9tudier au sein de notre collectif une modalit\u00e9 de participation, m\u00eame modeste, \u00e0 cette mobilisation, en proposant d\u2019adopter un arbre remarquable au nom de Paradeisos \u2013 Jardins europ\u00e9ens. En attendant, nous vous faisons suivre cette information, \u00e0 diffuser dans vos propres r\u00e9seaux, et pourquoi pas vous donner l\u2019envie de contribuer \u00e0 titre individuel \u00e0 cette cause majeure.<\/p>\n\n\n\n<figure class=\"wp-block-image aligncenter size-full\"><img loading=\"lazy\" decoding=\"async\" width=\"666\" height=\"333\" src=\"https:\/\/paradeisos.eu\/wp-content\/uploads\/2024\/10\/image-84.png\" alt=\"\" class=\"wp-image-426\" srcset=\"https:\/\/paradeisos.eu\/wp-content\/uploads\/2024\/10\/image-84.png 666w, https:\/\/paradeisos.eu\/wp-content\/uploads\/2024\/10\/image-84-300x150.png 300w\" sizes=\"auto, (max-width: 666px) 100vw, 666px\" \/><\/figure>\n\n\n\n<p>**Campagne MIIMOSA :&nbsp;<a href=\"https:\/\/www.miimosa.com\/fr\/projects\/la-ferme-melchior-laboratoire-de-biodiversite-europeenne**\">https:\/\/www.miimosa.com\/fr\/projects\/la-ferme-melchior-laboratoire-de-biodiversite-europeenne**<\/a><\/p>\n\n\n\n<p>En attendant la suite de nos informations sur nos actions printani\u00e8res de terrain,<\/p>\n\n\n\n<p>Amiti\u00e9s associ\u00e9es,<\/p>\n\n\n\n<p>Sylvain Hilaire<\/p>\n\n\n\n<p>Pr\u00e9sident de Paradeisos Jardins europ\u00e9ens<\/p>\n\n\n\n<p><\/p>\n","protected":false},"excerpt":{"rendered":"<p>Chers amis paradeisiens, Nous vous faisons suivre ce lien \u00e9manant du Centre de Ressources de Botanique Appliqu\u00e9e (CRBA), qui est en premi\u00e8re ligne pour d\u00e9fendre en France et en Europe la \u00ab&nbsp;biodiversit\u00e9 domestique&nbsp;\u00bb, c\u2019est \u00e0 dire celle qui est la plus proche de nous, qui se trouve souvent juste sous notre nez\u2026 sous nos yeux\u2026 [&hellip;]<\/p>\n","protected":false},"author":3,"featured_media":424,"comment_status":"open","ping_status":"open","sticky":false,"template":"","format":"standard","meta":{"footnotes":""},"categories":[14],"tags":[],"class_list":["post-423","post","type-post","status-publish","format-standard","has-post-thumbnail","hentry","category-environnement"],"_links":{"self":[{"href":"https:\/\/paradeisos.eu\/index.php?rest_route=\/wp\/v2\/posts\/423","targetHints":{"allow":["GET"]}}],"collection":[{"href":"https:\/\/paradeisos.eu\/index.php?rest_route=\/wp\/v2\/posts"}],"about":[{"href":"https:\/\/paradeisos.eu\/index.php?rest_route=\/wp\/v2\/types\/post"}],"author":[{"embeddable":true,"href":"https:\/\/paradeisos.eu\/index.php?rest_route=\/wp\/v2\/users\/3"}],"replies":[{"embeddable":true,"href":"https:\/\/paradeisos.eu\/index.php?rest_route=%2Fwp%2Fv2%2Fcomments&post=423"}],"version-history":[{"count":1,"href":"https:\/\/paradeisos.eu\/index.php?rest_route=\/wp\/v2\/posts\/423\/revisions"}],"predecessor-version":[{"id":427,"href":"https:\/\/paradeisos.eu\/index.php?rest_route=\/wp\/v2\/posts\/423\/revisions\/427"}],"wp:featuredmedia":[{"embeddable":true,"href":"https:\/\/paradeisos.eu\/index.php?rest_route=\/wp\/v2\/media\/424"}],"wp:attachment":[{"href":"https:\/\/paradeisos.eu\/index.php?rest_route=%2Fwp%2Fv2%2Fmedia&parent=423"}],"wp:term":[{"taxonomy":"category","embeddable":true,"href":"https:\/\/paradeisos.eu\/index.php?rest_route=%2Fwp%2Fv2%2Fcategories&post=423"},{"taxonomy":"post_tag","embeddable":true,"href":"https:\/\/paradeisos.eu\/index.php?rest_route=%2Fwp%2Fv2%2Ftags&post=423"}],"curies":[{"name":"wp","href":"https:\/\/api.w.org\/{rel}","templated":true}]}}