{"id":396,"date":"2018-10-14T11:38:00","date_gmt":"2018-10-14T09:38:00","guid":{"rendered":"https:\/\/paradeisos.eu\/?p=396"},"modified":"2024-10-06T11:41:50","modified_gmt":"2024-10-06T09:41:50","slug":"le-jardin-en-poemes-4-jardin-des-mille-et-une-nuits","status":"publish","type":"post","link":"https:\/\/paradeisos.eu\/?p=396","title":{"rendered":"Le jardin en po\u00e8mes &#8211; 4. Jardin des mille et une nuits"},"content":{"rendered":"\n<p>Dans le cadre de notre d\u00e9marche\u00a0pour valoriser et partager avec le plus grand nombre l\u2019exploration de l\u2019h\u00e9ritage culturel par les jardins et les paysages, nous vous proposons divers textes et po\u00e8mes sur les jardins.\u00a0Voici le quatri\u00e8me, bonne lecture.<\/p>\n\n\n\n<div style=\"height:25px\" aria-hidden=\"true\" class=\"wp-block-spacer\"><\/div>\n\n\n\n<h4 class=\"wp-block-heading\">4. Jardin des mille et une nuits<\/h4>\n\n\n\n<blockquote class=\"wp-block-quote is-style-plain is-layout-flow wp-container-core-quote-is-layout-8a368f38 wp-block-quote-is-layout-flow is-style-plain--1\">\n<p style=\"font-style:italic;font-weight:400\">Je me promettais bien de ne pas oublier l\u2019avis important qu\u2019elles m\u2019avaient donn\u00e9, de ne pas ouvrir la porte d\u2019or; mais comme, \u00e0 cela pr\u00e8s, il m\u2019\u00e9tait permis de satisfaire ma curiosit\u00e9, je pris la premi\u00e8re des clefs des autres portes, qui \u00e9taient rang\u00e9es par ordre.<\/p>\n\n\n\n<p style=\"font-style:italic;font-weight:400\">J\u2019ouvris la premi\u00e8re porte, et j\u2019entrai dans un jardin fruitier, auquel je crois que dans l\u2019univers il n\u2019y en a point qui soit comparable. Je ne pense pas m\u00eame que celui que notre religion nous promet apr\u00e8s la mort puisse le surpasser. La sym\u00e9trie, la propret\u00e9, la disposition admirable des arbres, l\u2019abondance et la diversit\u00e9 des fruits de mille esp\u00e8ces inconnues, leur fra\u00eecheur, leur beaut\u00e9, tout ravissait ma vue. Je ne dois pas n\u00e9gliger, madame, de vous faire remarquer que ce jardin d\u00e9licieux \u00e9tait arros\u00e9 d\u2019une mani\u00e8re fort singuli\u00e8re : des rigoles creus\u00e9es avec art et proportion portaient de l\u2019eau abondamment \u00e0 la racine des arbres qui en avaient besoin pour pousser leurs premi\u00e8res feuilles et leurs fleurs ; d\u2019autres en portaient moins \u00e0 ceux dont les fruits \u00e9taient d\u00e9j\u00e0 nou\u00e9s ; d\u2019autres encore moins \u00e0 ceux o\u00f9 ils grossissaient; d\u2019autres n\u2019en portaient que ce qu\u2019il en fallait pr\u00e9cis\u00e9ment \u00e0 ceux dont le fruit avait acquis une grosseur convenable et n\u2019attendait plus que la maturit\u00e9 ; mais cette grosseur surpassait de beaucoup celle des fruits ordinaires de nos jardins. Les autres rigoles enfin, qui aboutissaient aux arbres dont le fruit \u00e9tait m\u00fbr, n\u2019avaient d\u2019humidit\u00e9 que ce qui \u00e9tait n\u00e9cessaire pour le conserver dans le m\u00eame \u00e9tat sans le corrompre. Je ne pouvais me lasser d\u2019examiner et d\u2019admirer un si beau lieu; et je n\u2019en serais jamais sorti, si je n\u2019eusse pas con\u00e7u d\u00e8s lors une plus grande id\u00e9e des autres choses que je n\u2019avais point vues. J\u2019en sortis l\u2019esprit rempli de ces merveilles ; je fermai la porte, et j\u2019ouvris celle qui suivait.<\/p>\n\n\n\n<p style=\"font-style:italic;font-weight:400\">Au lieu d\u2019un jardin de fruits, j\u2019en trouvai un de fleurs, qui n\u2019\u00e9tait pas moins singulier dans son genre. Il renfermait un parterre spacieux, arros\u00e9 non pas avec la m\u00eame profusion que le pr\u00e9c\u00e9dent, mais avec un plus grand m\u00e9nagement, pour ne pas fournir plus d\u2019eau que chaque fleur n\u2019en avait besoin. La rose, le jasmin, la violette, le narcisse, l\u2019hyacinthe, l\u2019an\u00e9mone, la tulipe, la renoncule, l\u2019\u0153illet, le lis et une infinit\u00e9 d\u2019autres plantes qui ne fleurissaient ailleurs qu\u2019en diff\u00e9rents temps, se trouvaient l\u00e0 fleuries toutes \u00e0 la fois ; et rien n\u2019\u00e9tait plus doux que l\u2019air qu\u2019on respirait dans ce jardin.<\/p>\n\n\n\n<p style=\"font-style:italic;font-weight:400\">J\u2019ouvris la troisi\u00e8me porte ; je trouvai une voli\u00e8re tr\u00e8s vaste. Elle \u00e9tait pav\u00e9e de marbre de plusieurs sortes de couleurs, du plus fin, du moins commun. La cage \u00e9tait de santal et de bois d\u2019alo\u00e8s ; elle renfermait une infinit\u00e9 de rossignols, de chardonnerets, de serins, d\u2019alouettes, et d\u2019autres oiseaux encore plus harmonieux dont je n\u2019avais jamais entendu parler de ma vie. Les vases o\u00f9 \u00e9taient leur grain et leur eau \u00e9taient de jaspe ou d\u2019agate la plus pr\u00e9cieuse. D\u2019ailleurs, cette voli\u00e8re \u00e9tait d\u2019une grande propret\u00e9 : \u00e0 voir son \u00e9tendue, je jugeais qu\u2019il ne fallait pas moins de cent personnes pour la tenir aussi nette qu\u2019elle \u00e9tait; personne toutefois n\u2019y paraissait, non plus que dans les jardins o\u00f9 j\u2019avais \u00e9t\u00e9, dans lesquels je n\u2019avais pas remarqu\u00e9 une mauvaise herbe, ni la moindre superfluit\u00e9 qui m\u2019e\u00fbt bless\u00e9 la vue. Le soleil \u00e9tait d\u00e9j\u00e0 couch\u00e9, et je me retirai charm\u00e9 du ramage de cette multitude d\u2019oiseaux qui cherchaient alors \u00e0 se percher dans l\u2019endroit le plus commode pour jouir du repos de la nuit. Je me rendis \u00e0 mon appartement, r\u00e9solu d\u2019ouvrir les autres portes les jours suivants, \u00e0 l\u2019exception de la centi\u00e8me.<\/p>\n<cite><br><strong>Description d\u2019un\u00a0<em>pairi-daeza\u00a0<\/em>(jardin persan), Les Mille et Une Nuits<\/strong><\/cite><\/blockquote>\n\n\n\n<div style=\"height:25px\" aria-hidden=\"true\" class=\"wp-block-spacer\"><\/div>\n\n\n\n<p>\u00ab\u00a0Les mille et une Nuits\u00a0\u00bb\u00a0est un recueil\u00a0anonyme de contes populaires d\u2019origine persane et indienne\u00a0du 8\u00e8me si\u00e8cle. Le th\u00e8me du jardin, dans\u00a0Les Mille et Une Nuits\u00a0prend une dimension et une importance toute particuli\u00e8re si l\u2019on songe que dans l\u2019imaginaire arabo-musulman, sa mention, \u00e0 plus forte raison sa description luxurieuse et luxuriante, ne peut que renvoyer le lecteur \u00e0 la mention du jardin c\u00e9leste si abondamment rappel\u00e9 dans le Coran comme r\u00e9compense de ceux qui font le bien sur terre.<\/p>\n","protected":false},"excerpt":{"rendered":"<p>Dans le cadre de notre d\u00e9marche\u00a0pour valoriser et partager avec le plus grand nombre l\u2019exploration de l\u2019h\u00e9ritage culturel par les jardins et les paysages, nous vous proposons divers textes et po\u00e8mes sur les jardins.\u00a0Voici le quatri\u00e8me, bonne lecture. 4. Jardin des mille et une nuits Je me promettais bien de ne pas oublier l\u2019avis important [&hellip;]<\/p>\n","protected":false},"author":3,"featured_media":397,"comment_status":"open","ping_status":"open","sticky":false,"template":"","format":"standard","meta":{"footnotes":""},"categories":[12],"tags":[],"class_list":["post-396","post","type-post","status-publish","format-standard","has-post-thumbnail","hentry","category-arts"],"_links":{"self":[{"href":"https:\/\/paradeisos.eu\/index.php?rest_route=\/wp\/v2\/posts\/396","targetHints":{"allow":["GET"]}}],"collection":[{"href":"https:\/\/paradeisos.eu\/index.php?rest_route=\/wp\/v2\/posts"}],"about":[{"href":"https:\/\/paradeisos.eu\/index.php?rest_route=\/wp\/v2\/types\/post"}],"author":[{"embeddable":true,"href":"https:\/\/paradeisos.eu\/index.php?rest_route=\/wp\/v2\/users\/3"}],"replies":[{"embeddable":true,"href":"https:\/\/paradeisos.eu\/index.php?rest_route=%2Fwp%2Fv2%2Fcomments&post=396"}],"version-history":[{"count":1,"href":"https:\/\/paradeisos.eu\/index.php?rest_route=\/wp\/v2\/posts\/396\/revisions"}],"predecessor-version":[{"id":398,"href":"https:\/\/paradeisos.eu\/index.php?rest_route=\/wp\/v2\/posts\/396\/revisions\/398"}],"wp:featuredmedia":[{"embeddable":true,"href":"https:\/\/paradeisos.eu\/index.php?rest_route=\/wp\/v2\/media\/397"}],"wp:attachment":[{"href":"https:\/\/paradeisos.eu\/index.php?rest_route=%2Fwp%2Fv2%2Fmedia&parent=396"}],"wp:term":[{"taxonomy":"category","embeddable":true,"href":"https:\/\/paradeisos.eu\/index.php?rest_route=%2Fwp%2Fv2%2Fcategories&post=396"},{"taxonomy":"post_tag","embeddable":true,"href":"https:\/\/paradeisos.eu\/index.php?rest_route=%2Fwp%2Fv2%2Ftags&post=396"}],"curies":[{"name":"wp","href":"https:\/\/api.w.org\/{rel}","templated":true}]}}