{"id":1432,"date":"2023-01-29T16:59:00","date_gmt":"2023-01-29T14:59:00","guid":{"rendered":"https:\/\/paradeisos.eu\/?p=1432"},"modified":"2024-11-27T17:00:19","modified_gmt":"2024-11-27T15:00:19","slug":"invitation-a-la-prochaine-assemblee-generale-paradeisos-puis-a-une-conference-sur-lhistoire-des-jardins-et-des-paysages-europeens","status":"publish","type":"post","link":"https:\/\/paradeisos.eu\/?p=1432","title":{"rendered":"Invitation \u00e0 la prochaine assembl\u00e9e g\u00e9n\u00e9rale Paradeisos, puis \u00e0 une conf\u00e9rence sur l\u2019histoire des jardins et des paysages europ\u00e9ens."},"content":{"rendered":"\n<figure class=\"wp-block-image aligncenter size-full\"><img loading=\"lazy\" decoding=\"async\" width=\"1024\" height=\"537\" src=\"https:\/\/paradeisos.eu\/wp-content\/uploads\/2024\/11\/image-19.png\" alt=\"\" class=\"wp-image-1433\" srcset=\"https:\/\/paradeisos.eu\/wp-content\/uploads\/2024\/11\/image-19.png 1024w, https:\/\/paradeisos.eu\/wp-content\/uploads\/2024\/11\/image-19-300x157.png 300w, https:\/\/paradeisos.eu\/wp-content\/uploads\/2024\/11\/image-19-768x403.png 768w\" sizes=\"auto, (max-width: 1024px) 100vw, 1024px\" \/><\/figure>\n\n\n\n<figure class=\"wp-block-image aligncenter size-full\"><img loading=\"lazy\" decoding=\"async\" width=\"724\" height=\"1024\" src=\"https:\/\/paradeisos.eu\/wp-content\/uploads\/2024\/11\/image-20.png\" alt=\"\" class=\"wp-image-1434\" srcset=\"https:\/\/paradeisos.eu\/wp-content\/uploads\/2024\/11\/image-20.png 724w, https:\/\/paradeisos.eu\/wp-content\/uploads\/2024\/11\/image-20-212x300.png 212w\" sizes=\"auto, (max-width: 724px) 100vw, 724px\" \/><\/figure>\n\n\n\n<div style=\"height:10px\" aria-hidden=\"true\" class=\"wp-block-spacer\"><\/div>\n\n\n\n<p>Afin de bien commencer l\u2019ann\u00e9e, et partager nos meilleurs v\u0153ux associatifs entre tous les amis de l\u2019association, adh\u00e9rents, partenaires ou sympathisants, nous avons le plaisir de vous inviter \u00e0 notre&nbsp;<strong>Assembl\u00e9e G\u00e9n\u00e9rale<\/strong>&nbsp;annuelle, qui se tiendra le&nbsp;<strong>dimanche 5 f\u00e9vier<\/strong>&nbsp;matin \u00e0 la&nbsp;<strong>Maison Jean Monnet<\/strong>, et qui sera suivie, apr\u00e8s un repas participatif, par une conf\u00e9rence publique \u00e0 partir de 15h, sur le th\u00e8me :<\/p>\n\n\n\n<p><em><strong>Les p\u00e8res fondateurs de l\u2019Europe communautaire en leurs jardins : en forme d\u2019exploration des paysages culturels europ\u00e9ens<\/strong><\/em><\/p>\n\n\n\n<p>Cette conf\u00e9rence a pour but de rappeler les principales lectures historiques, visions et valeurs qui sont au c\u0153ur du projet et de \u00ab&nbsp;l\u2019initiative Paradeisos&nbsp;\u00bb. Des propositions de fond qui constituent le socle r\u00e9f\u00e9rentiel de toutes les actions, m\u00e9diations culture-nature et projets participatifs de terrain de l\u2019association : soit red\u00e9couvrir, explorer et repartager l\u2019histoire europ\u00e9enne par le prisme du jardin et de la relation paysag\u00e8re. Un h\u00e9ritage culturel fondamental et structurant, qui traverse en r\u00e9alit\u00e9 toute l\u2019histoire du continent depuis tr\u00e8s longtemps sous diverses formes et manifestations, et qui se retrouve logiquement en \u00e9cho dans les trajectoires des personnalit\u00e9s fondatrices de l\u2019Europe communautaire au milieu du XX\u00e8me si\u00e8cle. Car au del\u00e0 des \u00e9minents enjeux politiques, sociaux et \u00e9conomiques qui se jouent au sortir de la deuxi\u00e8me guerre mondiale, ces \u00ab&nbsp;P\u00e8res fondateurs&nbsp;\u00bb manifestent tous des attentions et relations particuli\u00e8res avec leurs jardins et leurs paysages familiers, laissant ainsi percer des aspects plus intimes de leurs relations au Monde, \u00e0 l\u2019Homme et au Vivant.<\/p>\n\n\n\n<p>On le retrouve entre le jardin de campagne et les paysages vosgiens de Robert Schuman, dans les larges boucles de la vall\u00e9e rh\u00e9nane et le petit jardin en terrasse italianisant de Konrad Adenauer, dans les jardins rocailleux et paysages pr\u00e9alpins d\u2019Alcide de Gasperi dans le Trentino italien, et cela bien s\u00fbr jusqu\u2019aux jardins fleuris et les doux paysages franciliens autour de la chaumi\u00e8re de Jean Monnet \u00e0 Bazoches-sur-Guyonne. Chacun \u00e0 leur mani\u00e8re, ils semblent avoir tiss\u00e9 des liens profonds avec leurs jardins et leurs paysages d\u2019\u00e9lection, qu\u2019ils soient natifs ou d\u2019adoption : les admirant, les explorant, les cultivant ou les arpentant en tous sens\u2026 Il s\u2019agit donc d\u2019une \u00ab&nbsp;conf\u00e9rence exploratoire&nbsp;\u00bb, qui propose de partir \u00e0 la d\u00e9couverte de cette autre histoire de la premi\u00e8re Europe communautaire, \u00e0 travers les \u00e9chos de jardins et de paysages culturels europ\u00e9ens m\u00e9connus et inspirants.<\/p>\n\n\n\n<p>Une conf\u00e9rence qui sera assur\u00e9e par le Pr\u00e9sident de l\u2019association Paradeisos,&nbsp;<strong>Sylvain Hilaire<\/strong>, aussi chercheur associ\u00e9 du Centre d\u2019histoire culturelle des soci\u00e9t\u00e9s contemporaines de l\u2019Universit\u00e9 Versailles Saint-Quentin \/ Paris Saclay, et membre expert du Conseil International des Monuments et des Sites (ICOMOS \u2013 France).<\/p>\n\n\n\n<p>Un \u00e9v\u00e9nement accessible \u00e0 tous, qui sera ensuite ouvert, \u00e0 partir de&nbsp;<strong>16h30<\/strong>, au d\u00e9bat et \u00e0 la discussion avec les participants, autour d\u2019\u00e9changes et mod\u00e9rations assur\u00e9es par des repr\u00e9sentants des services du Parlement europ\u00e9en, dont&nbsp;<strong>Marti Grau Segu<\/strong>, conservateur de la Maison Monnet, et&nbsp;<strong>Philippe Perchoc<\/strong>, coordinateur du r\u00e9seau des maisons et fondations politiques des grands europ\u00e9ens.<\/p>\n\n\n\n<p>Un \u00e9v\u00e9nement qui b\u00e9n\u00e9ficiera \u00e9galement de la participation en ligne des&nbsp;<strong>Maisons Adenauer<\/strong>&nbsp;(Allemagne),&nbsp;<strong>De Gasperi<\/strong>&nbsp;(Italie) et&nbsp;<strong>Schuman<\/strong>&nbsp;(France \/ Lorraine), ainsi que d\u2019<strong>Anastasia Remes<\/strong>, pour les Archives historiques de l\u2019Union Europ\u00e9enne.<\/p>\n\n\n\n<p>Esp\u00e9rant vous retrouver nombreux \u00e0 cette occasion ! Pour vous inscrire et r\u00e9server votre place (conseill\u00e9), ou pour tout renseignement compl\u00e9mentaire, vous pouvez nous contacter sur notre adresse de messagerie : <a href=\"mailto:paradeisos@netc.eu\">paradeisos@netc.eu<\/a><\/p>\n","protected":false},"excerpt":{"rendered":"<p>Afin de bien commencer l\u2019ann\u00e9e, et partager nos meilleurs v\u0153ux associatifs entre tous les amis de l\u2019association, adh\u00e9rents, partenaires ou sympathisants, nous avons le plaisir de vous inviter \u00e0 notre&nbsp;Assembl\u00e9e G\u00e9n\u00e9rale&nbsp;annuelle, qui se tiendra le&nbsp;dimanche 5 f\u00e9vier&nbsp;matin \u00e0 la&nbsp;Maison Jean Monnet, et qui sera suivie, apr\u00e8s un repas participatif, par une conf\u00e9rence publique \u00e0 partir [&hellip;]<\/p>\n","protected":false},"author":3,"featured_media":1433,"comment_status":"open","ping_status":"open","sticky":false,"template":"","format":"standard","meta":{"footnotes":""},"categories":[18,19],"tags":[],"class_list":["post-1432","post","type-post","status-publish","format-standard","has-post-thumbnail","hentry","category-actualites","category-rencontres-paradeisos"],"_links":{"self":[{"href":"https:\/\/paradeisos.eu\/index.php?rest_route=\/wp\/v2\/posts\/1432","targetHints":{"allow":["GET"]}}],"collection":[{"href":"https:\/\/paradeisos.eu\/index.php?rest_route=\/wp\/v2\/posts"}],"about":[{"href":"https:\/\/paradeisos.eu\/index.php?rest_route=\/wp\/v2\/types\/post"}],"author":[{"embeddable":true,"href":"https:\/\/paradeisos.eu\/index.php?rest_route=\/wp\/v2\/users\/3"}],"replies":[{"embeddable":true,"href":"https:\/\/paradeisos.eu\/index.php?rest_route=%2Fwp%2Fv2%2Fcomments&post=1432"}],"version-history":[{"count":1,"href":"https:\/\/paradeisos.eu\/index.php?rest_route=\/wp\/v2\/posts\/1432\/revisions"}],"predecessor-version":[{"id":1435,"href":"https:\/\/paradeisos.eu\/index.php?rest_route=\/wp\/v2\/posts\/1432\/revisions\/1435"}],"wp:featuredmedia":[{"embeddable":true,"href":"https:\/\/paradeisos.eu\/index.php?rest_route=\/wp\/v2\/media\/1433"}],"wp:attachment":[{"href":"https:\/\/paradeisos.eu\/index.php?rest_route=%2Fwp%2Fv2%2Fmedia&parent=1432"}],"wp:term":[{"taxonomy":"category","embeddable":true,"href":"https:\/\/paradeisos.eu\/index.php?rest_route=%2Fwp%2Fv2%2Fcategories&post=1432"},{"taxonomy":"post_tag","embeddable":true,"href":"https:\/\/paradeisos.eu\/index.php?rest_route=%2Fwp%2Fv2%2Ftags&post=1432"}],"curies":[{"name":"wp","href":"https:\/\/api.w.org\/{rel}","templated":true}]}}