{"id":1411,"date":"2019-05-21T16:50:00","date_gmt":"2019-05-21T14:50:00","guid":{"rendered":"https:\/\/paradeisos.eu\/?p=1411"},"modified":"2024-11-27T20:49:29","modified_gmt":"2024-11-27T18:49:29","slug":"rendez-vous-aux-jardins-2019-a-la-maison-jean-monnet-les-7-8-et-9-juin","status":"publish","type":"post","link":"https:\/\/paradeisos.eu\/?p=1411","title":{"rendered":"Rendez-vous aux jardins 2019 \u00e0 la Maison Jean Monnet les 7, 8 et 9 juin"},"content":{"rendered":"\n<p>D\u00e9couvrez la diversit\u00e9 des cultures de l\u2019Europe et son histoire \u00e0 travers des conf\u00e9rences autour de l\u2019art des jardins et des nombreuses activit\u00e9s en plein air !<\/p>\n\n\n\n<div style=\"height:10px\" aria-hidden=\"true\" class=\"wp-block-spacer\"><\/div>\n\n\n\n<figure class=\"wp-block-image aligncenter size-large\"><img loading=\"lazy\" decoding=\"async\" width=\"683\" height=\"1024\" src=\"https:\/\/paradeisos.eu\/wp-content\/uploads\/2024\/11\/image-14-683x1024.png\" alt=\"\" class=\"wp-image-1412\" srcset=\"https:\/\/paradeisos.eu\/wp-content\/uploads\/2024\/11\/image-14-683x1024.png 683w, https:\/\/paradeisos.eu\/wp-content\/uploads\/2024\/11\/image-14-200x300.png 200w, https:\/\/paradeisos.eu\/wp-content\/uploads\/2024\/11\/image-14-768x1152.png 768w, https:\/\/paradeisos.eu\/wp-content\/uploads\/2024\/11\/image-14-1024x1536.png 1024w, https:\/\/paradeisos.eu\/wp-content\/uploads\/2024\/11\/image-14.png 1134w\" sizes=\"auto, (max-width: 683px) 100vw, 683px\" \/><\/figure>\n\n\n\n<div style=\"height:10px\" aria-hidden=\"true\" class=\"wp-block-spacer\"><\/div>\n\n\n\n<p>La Maison Jean Monnet et l\u2019Association Paradeisos-Jardins europ\u00e9ens s\u2019associent pour vous accompagner dans la d\u00e9couverte des cultures europ\u00e9ennes gr\u00e2ce \u00e0 des conf\u00e9rences sur l\u2019histoire des jardins et \u00e0 des activit\u00e9s en plein air.<\/p>\n\n\n\n<p>Vous pourrez visiter notre \u00ab jardin citoyen europ\u00e9en \u00bb et participer \u00e0 des ateliers herboristes, balades-champ\u00eatres, d\u00e9bat-conf\u00e9rences et visites qui seront organis\u00e9s dans le parc et le bois environnant ainsi que dans le mus\u00e9e et le centre de conf\u00e9rences de la Maison Jean Monnet.<\/p>\n\n\n\n<div style=\"height:25px\" aria-hidden=\"true\" class=\"wp-block-spacer\"><\/div>\n\n\n\n<h3 class=\"wp-block-heading\">Programme :<\/h3>\n\n\n\n<div style=\"height:10px\" aria-hidden=\"true\" class=\"wp-block-spacer\"><\/div>\n\n\n\n<h3 class=\"wp-block-heading\"><strong>Vendredi 7 juin<\/strong><\/h3>\n\n\n\n<p><strong>14h \u2013 15h :<\/strong>&nbsp;Visite anim\u00e9e du jardin citoyen europ\u00e9en accompagn\u00e9e d\u2019une chasse au tr\u00e9sor des plantes symboliques de l\u2019Europe dans le parc de la Maison Jean Monnet par Sylvain Hilaire et animateurs Paradeisos.<\/p>\n\n\n\n<p><strong>15h \u2013 16h30 :<\/strong>&nbsp;Usage des plantes et atelier herboriste en cuisine pour les scolaires. Animation par Sylvain Hilaire, Florian Charlemaine et animateurs Paradeisos.<\/p>\n\n\n\n<div style=\"height:10px\" aria-hidden=\"true\" class=\"wp-block-spacer\"><\/div>\n\n\n\n<h3 class=\"wp-block-heading\"><strong>Samedi 8 juin<\/strong><\/h3>\n\n\n\n<p><strong>10h30 \u2013 12h30 :<\/strong>&nbsp;Conversation-promenade autour de l\u2019h\u00e9ritage culturel europ\u00e9en sur les jardins et paysages avec une pr\u00e9sentation sur \u00ab L\u2019inspirateur dans son havre de paix : comprendre Jean Monnet \u00e0 partir du paysage \u00bb par Eryck de Rubercy (\u00e9crivain et journaliste Revue des Deux Mondes), Sylvain Hilaire (Pr\u00e9sident de l\u2019Association Paradeisos) et Debora Righetti (Conf\u00e9renci\u00e8re aupr\u00e8s du Parlement europ\u00e9en-Maison Jean Monnet).<\/p>\n\n\n\n<p>En cas de beau temps la conversation se poursuivra dans le parc et se terminera dans l\u2019amphith\u00e9\u00e2tre autour du quel se d\u00e9ploie le jardin citoyen europ\u00e9en.<\/p>\n\n\n\n<p><strong>13h \u2013 14h :<\/strong>&nbsp;Pique-nique convivial z\u00e9ro d\u00e9chets<\/p>\n\n\n\n<p>Paniers et repas sortis du sac des participants. Place \u00e0 vos gourdes pour les boissons, vos bocaux pour vos plats fait-maison ; partagez vos recettes venues d\u2019Europe ou d\u2019ailleurs avec les autres participants. En dessert des fruits (offerts) par nature sans emballage et caf\u00e9 (offert) en gobelets r\u00e9utilisables. N\u2019oubliez pas de jeter la pelure de fruits consomm\u00e9s dans notre compost !<\/p>\n\n\n\n<p><strong>14h \u2013 16h :<\/strong>&nbsp;Ballade champ\u00eatre, culturelle et botanique \u00ab Sur les pas de Jean Monnet \u00bb dans le bois environnant la Maison anim\u00e9 par Irina Koenen, Florian Charlemaine, Elena Secondo (Association Paradeisos) et Philippe Le Guen et Debora Righetti (Maison Jean Monnet).<\/p>\n\n\n\n<div style=\"height:10px\" aria-hidden=\"true\" class=\"wp-block-spacer\"><\/div>\n\n\n\n<h3 class=\"wp-block-heading\"><strong>Dimanche 9 juin<\/strong><\/h3>\n\n\n\n<p><strong>14h \u2013 15h :<\/strong>&nbsp;Conf\u00e9rence sur les jardins antiques \u00ab Une histoire des jardins romains. Du jardin utile au jardin d\u2019agr\u00e9ment \u00bb par Michel Cazenove (Association Paradeisos)<\/p>\n\n\n\n<p><strong>15h15 \u2013 16h15 :<\/strong>&nbsp;Conf\u00e9rence sur les plantes dans la mythologie antique \u00ab Divine plantes, les plantes des dieux dans la mythologie gr\u00e9co-romaine \u00bb par Marion Crochart (Association Paradeisos)<\/p>\n\n\n\n<p><strong>Inscriptions :<\/strong>&nbsp;cliquer sur le lien : <a href=\"https:\/\/ec.europa.eu\/eusurvey\/runner\/MJM_event\">https:\/\/ec.europa.eu\/eusurvey\/runner\/MJM_event<\/a><\/p>\n","protected":false},"excerpt":{"rendered":"<p>D\u00e9couvrez la diversit\u00e9 des cultures de l\u2019Europe et son histoire \u00e0 travers des conf\u00e9rences autour de l\u2019art des jardins et des nombreuses activit\u00e9s en plein air ! La Maison Jean Monnet et l\u2019Association Paradeisos-Jardins europ\u00e9ens s\u2019associent pour vous accompagner dans la d\u00e9couverte des cultures europ\u00e9ennes gr\u00e2ce \u00e0 des conf\u00e9rences sur l\u2019histoire des jardins et \u00e0 [&hellip;]<\/p>\n","protected":false},"author":3,"featured_media":1412,"comment_status":"open","ping_status":"open","sticky":false,"template":"","format":"standard","meta":{"footnotes":""},"categories":[18,19],"tags":[],"class_list":["post-1411","post","type-post","status-publish","format-standard","has-post-thumbnail","hentry","category-actualites","category-rencontres-paradeisos"],"_links":{"self":[{"href":"https:\/\/paradeisos.eu\/index.php?rest_route=\/wp\/v2\/posts\/1411","targetHints":{"allow":["GET"]}}],"collection":[{"href":"https:\/\/paradeisos.eu\/index.php?rest_route=\/wp\/v2\/posts"}],"about":[{"href":"https:\/\/paradeisos.eu\/index.php?rest_route=\/wp\/v2\/types\/post"}],"author":[{"embeddable":true,"href":"https:\/\/paradeisos.eu\/index.php?rest_route=\/wp\/v2\/users\/3"}],"replies":[{"embeddable":true,"href":"https:\/\/paradeisos.eu\/index.php?rest_route=%2Fwp%2Fv2%2Fcomments&post=1411"}],"version-history":[{"count":1,"href":"https:\/\/paradeisos.eu\/index.php?rest_route=\/wp\/v2\/posts\/1411\/revisions"}],"predecessor-version":[{"id":1414,"href":"https:\/\/paradeisos.eu\/index.php?rest_route=\/wp\/v2\/posts\/1411\/revisions\/1414"}],"wp:featuredmedia":[{"embeddable":true,"href":"https:\/\/paradeisos.eu\/index.php?rest_route=\/wp\/v2\/media\/1412"}],"wp:attachment":[{"href":"https:\/\/paradeisos.eu\/index.php?rest_route=%2Fwp%2Fv2%2Fmedia&parent=1411"}],"wp:term":[{"taxonomy":"category","embeddable":true,"href":"https:\/\/paradeisos.eu\/index.php?rest_route=%2Fwp%2Fv2%2Fcategories&post=1411"},{"taxonomy":"post_tag","embeddable":true,"href":"https:\/\/paradeisos.eu\/index.php?rest_route=%2Fwp%2Fv2%2Ftags&post=1411"}],"curies":[{"name":"wp","href":"https:\/\/api.w.org\/{rel}","templated":true}]}}