{"id":1399,"date":"2018-05-27T16:46:00","date_gmt":"2018-05-27T14:46:00","guid":{"rendered":"https:\/\/paradeisos.eu\/?p=1399"},"modified":"2024-11-27T16:48:42","modified_gmt":"2024-11-27T14:48:42","slug":"3-juin-au-jardin-de-jean-monnet","status":"publish","type":"post","link":"https:\/\/paradeisos.eu\/?p=1399","title":{"rendered":"3 Juin \u00ab\u00a0Au jardin de Jean Monnet\u00a0\u00bb"},"content":{"rendered":"\n<figure class=\"wp-block-image aligncenter size-large\"><img loading=\"lazy\" decoding=\"async\" width=\"738\" height=\"1024\" src=\"https:\/\/paradeisos.eu\/wp-content\/uploads\/2024\/11\/image-11-738x1024.png\" alt=\"\" class=\"wp-image-1402\" srcset=\"https:\/\/paradeisos.eu\/wp-content\/uploads\/2024\/11\/image-11-738x1024.png 738w, https:\/\/paradeisos.eu\/wp-content\/uploads\/2024\/11\/image-11-216x300.png 216w, https:\/\/paradeisos.eu\/wp-content\/uploads\/2024\/11\/image-11-768x1066.png 768w, https:\/\/paradeisos.eu\/wp-content\/uploads\/2024\/11\/image-11-1107x1536.png 1107w, https:\/\/paradeisos.eu\/wp-content\/uploads\/2024\/11\/image-11-1476x2048.png 1476w, https:\/\/paradeisos.eu\/wp-content\/uploads\/2024\/11\/image-11.png 1872w\" sizes=\"auto, (max-width: 738px) 100vw, 738px\" \/><\/figure>\n\n\n\n<div style=\"height:25px\" aria-hidden=\"true\" class=\"wp-block-spacer\"><\/div>\n\n\n\n<p>Conf\u00e9rence&nbsp;\u00ab Au jardin de Jean Monnet &#8211; dans l\u2019intimit\u00e9 d\u2019un paysage culturel europ\u00e9en \u00bb&nbsp;Anim\u00e9e par l\u2019\u00e9quipe Paradeisos\u2009- Jardins europ\u00e9ens, dans le cadre de \u00ab Rendez-vous aux jardins \u00bb du Minist\u00e8re de la Culture, sur le th\u00e8me national \u00abL\u2019Europe des jardins \u00bb.<\/p>\n\n\n\n<p>CONF\u00c9RENCE\u00ab L\u2019art du partage par le jardin \u00bb. Anim\u00e9e par l\u2019\u00e9quipe Paradeisos\u2009-\u2009Jardins europ\u00e9ens, dans le cadre des Journ\u00e9es Europ\u00e9ennes du Patrimoine.<\/p>\n\n\n\n<h5 class=\"wp-block-heading\">Animations culture-nature pr\u00e9vues pour les enfants(de 5 \u00e0 12 ans)<\/h5>\n\n\n\n<p><\/p>\n","protected":false},"excerpt":{"rendered":"<p>Conf\u00e9rence&nbsp;\u00ab Au jardin de Jean Monnet &#8211; dans l\u2019intimit\u00e9 d\u2019un paysage culturel europ\u00e9en \u00bb&nbsp;Anim\u00e9e par l\u2019\u00e9quipe Paradeisos\u2009- Jardins europ\u00e9ens, dans le cadre de \u00ab Rendez-vous aux jardins \u00bb du Minist\u00e8re de la Culture, sur le th\u00e8me national \u00abL\u2019Europe des jardins \u00bb. CONF\u00c9RENCE\u00ab L\u2019art du partage par le jardin \u00bb. Anim\u00e9e par l\u2019\u00e9quipe Paradeisos\u2009-\u2009Jardins europ\u00e9ens, dans [&hellip;]<\/p>\n","protected":false},"author":3,"featured_media":1402,"comment_status":"open","ping_status":"open","sticky":false,"template":"","format":"standard","meta":{"footnotes":""},"categories":[18,19],"tags":[],"class_list":["post-1399","post","type-post","status-publish","format-standard","has-post-thumbnail","hentry","category-actualites","category-rencontres-paradeisos"],"_links":{"self":[{"href":"https:\/\/paradeisos.eu\/index.php?rest_route=\/wp\/v2\/posts\/1399","targetHints":{"allow":["GET"]}}],"collection":[{"href":"https:\/\/paradeisos.eu\/index.php?rest_route=\/wp\/v2\/posts"}],"about":[{"href":"https:\/\/paradeisos.eu\/index.php?rest_route=\/wp\/v2\/types\/post"}],"author":[{"embeddable":true,"href":"https:\/\/paradeisos.eu\/index.php?rest_route=\/wp\/v2\/users\/3"}],"replies":[{"embeddable":true,"href":"https:\/\/paradeisos.eu\/index.php?rest_route=%2Fwp%2Fv2%2Fcomments&post=1399"}],"version-history":[{"count":1,"href":"https:\/\/paradeisos.eu\/index.php?rest_route=\/wp\/v2\/posts\/1399\/revisions"}],"predecessor-version":[{"id":1404,"href":"https:\/\/paradeisos.eu\/index.php?rest_route=\/wp\/v2\/posts\/1399\/revisions\/1404"}],"wp:featuredmedia":[{"embeddable":true,"href":"https:\/\/paradeisos.eu\/index.php?rest_route=\/wp\/v2\/media\/1402"}],"wp:attachment":[{"href":"https:\/\/paradeisos.eu\/index.php?rest_route=%2Fwp%2Fv2%2Fmedia&parent=1399"}],"wp:term":[{"taxonomy":"category","embeddable":true,"href":"https:\/\/paradeisos.eu\/index.php?rest_route=%2Fwp%2Fv2%2Fcategories&post=1399"},{"taxonomy":"post_tag","embeddable":true,"href":"https:\/\/paradeisos.eu\/index.php?rest_route=%2Fwp%2Fv2%2Ftags&post=1399"}],"curies":[{"name":"wp","href":"https:\/\/api.w.org\/{rel}","templated":true}]}}