{"id":1333,"date":"2023-03-14T19:06:00","date_gmt":"2023-03-14T17:06:00","guid":{"rendered":"https:\/\/paradeisos.eu\/?p=1333"},"modified":"2024-10-17T19:07:12","modified_gmt":"2024-10-17T17:07:12","slug":"le-jardin-et-la-musique-les-rencontres-de-linstitut-europeen-des-jardins-et-des-paysages-ce-vendredi-24-mars-a-la-fondation-maison-des-sciences-de-lhomme-a-paris","status":"publish","type":"post","link":"https:\/\/paradeisos.eu\/?p=1333","title":{"rendered":"Le jardin et la musique\u2026 Les rencontres de l\u2019Institut Europ\u00e9en des Jardins et des Paysages ce vendredi 24 mars \u00e0 la Fondation Maison des Sciences de l\u2019Homme \u00e0 Paris !"},"content":{"rendered":"\n<figure class=\"wp-block-image aligncenter size-full\"><img loading=\"lazy\" decoding=\"async\" width=\"1022\" height=\"446\" src=\"https:\/\/paradeisos.eu\/wp-content\/uploads\/2024\/10\/image-505.png\" alt=\"\" class=\"wp-image-1334\" srcset=\"https:\/\/paradeisos.eu\/wp-content\/uploads\/2024\/10\/image-505.png 1022w, https:\/\/paradeisos.eu\/wp-content\/uploads\/2024\/10\/image-505-300x131.png 300w, https:\/\/paradeisos.eu\/wp-content\/uploads\/2024\/10\/image-505-768x335.png 768w\" sizes=\"auto, (max-width: 1022px) 100vw, 1022px\" \/><\/figure>\n\n\n\n<p>Un rendez-vous unique \u00e0 ne pas manquer, qui est organis\u00e9 et anim\u00e9 par certains de nos membres fondateurs et membres d\u2019honneur de l\u2019association Paradeisos, en particulier Marco Martella et Eryck de Rubercy, que nous avions eu le plaisir d\u2019\u00e9couter \u00e0 la maison Monnet il n\u2019y a pas si longtemps.<\/p>\n\n\n\n<figure class=\"wp-block-image aligncenter size-full\"><img loading=\"lazy\" decoding=\"async\" width=\"723\" height=\"1023\" src=\"https:\/\/paradeisos.eu\/wp-content\/uploads\/2024\/10\/image-506.png\" alt=\"\" class=\"wp-image-1335\" srcset=\"https:\/\/paradeisos.eu\/wp-content\/uploads\/2024\/10\/image-506.png 723w, https:\/\/paradeisos.eu\/wp-content\/uploads\/2024\/10\/image-506-212x300.png 212w\" sizes=\"auto, (max-width: 723px) 100vw, 723px\" \/><\/figure>\n","protected":false},"excerpt":{"rendered":"<p>Un rendez-vous unique \u00e0 ne pas manquer, qui est organis\u00e9 et anim\u00e9 par certains de nos membres fondateurs et membres d\u2019honneur de l\u2019association Paradeisos, en particulier Marco Martella et Eryck de Rubercy, que nous avions eu le plaisir d\u2019\u00e9couter \u00e0 la maison Monnet il n\u2019y a pas si longtemps.<\/p>\n","protected":false},"author":3,"featured_media":1334,"comment_status":"open","ping_status":"open","sticky":false,"template":"","format":"standard","meta":{"footnotes":""},"categories":[18],"tags":[],"class_list":["post-1333","post","type-post","status-publish","format-standard","has-post-thumbnail","hentry","category-actualites"],"_links":{"self":[{"href":"https:\/\/paradeisos.eu\/index.php?rest_route=\/wp\/v2\/posts\/1333","targetHints":{"allow":["GET"]}}],"collection":[{"href":"https:\/\/paradeisos.eu\/index.php?rest_route=\/wp\/v2\/posts"}],"about":[{"href":"https:\/\/paradeisos.eu\/index.php?rest_route=\/wp\/v2\/types\/post"}],"author":[{"embeddable":true,"href":"https:\/\/paradeisos.eu\/index.php?rest_route=\/wp\/v2\/users\/3"}],"replies":[{"embeddable":true,"href":"https:\/\/paradeisos.eu\/index.php?rest_route=%2Fwp%2Fv2%2Fcomments&post=1333"}],"version-history":[{"count":1,"href":"https:\/\/paradeisos.eu\/index.php?rest_route=\/wp\/v2\/posts\/1333\/revisions"}],"predecessor-version":[{"id":1336,"href":"https:\/\/paradeisos.eu\/index.php?rest_route=\/wp\/v2\/posts\/1333\/revisions\/1336"}],"wp:featuredmedia":[{"embeddable":true,"href":"https:\/\/paradeisos.eu\/index.php?rest_route=\/wp\/v2\/media\/1334"}],"wp:attachment":[{"href":"https:\/\/paradeisos.eu\/index.php?rest_route=%2Fwp%2Fv2%2Fmedia&parent=1333"}],"wp:term":[{"taxonomy":"category","embeddable":true,"href":"https:\/\/paradeisos.eu\/index.php?rest_route=%2Fwp%2Fv2%2Fcategories&post=1333"},{"taxonomy":"post_tag","embeddable":true,"href":"https:\/\/paradeisos.eu\/index.php?rest_route=%2Fwp%2Fv2%2Ftags&post=1333"}],"curies":[{"name":"wp","href":"https:\/\/api.w.org\/{rel}","templated":true}]}}