{"id":1329,"date":"2023-02-27T19:04:00","date_gmt":"2023-02-27T17:04:00","guid":{"rendered":"https:\/\/paradeisos.eu\/?p=1329"},"modified":"2024-10-17T19:05:43","modified_gmt":"2024-10-17T17:05:43","slug":"ce-dimanche-12-mars-frontieres-le-printemps-des-poetes-a-la-maison-monnet","status":"publish","type":"post","link":"https:\/\/paradeisos.eu\/?p=1329","title":{"rendered":"Ce dimanche 12 mars : Fronti\u00e8re(s) &#8211; Le printemps des po\u00e8tes \u00e0 la Maison Monnet"},"content":{"rendered":"\n<figure class=\"wp-block-image aligncenter size-full\"><img loading=\"lazy\" decoding=\"async\" width=\"683\" height=\"1024\" src=\"https:\/\/paradeisos.eu\/wp-content\/uploads\/2024\/10\/image-503.png\" alt=\"\" class=\"wp-image-1330\" srcset=\"https:\/\/paradeisos.eu\/wp-content\/uploads\/2024\/10\/image-503.png 683w, https:\/\/paradeisos.eu\/wp-content\/uploads\/2024\/10\/image-503-200x300.png 200w\" sizes=\"auto, (max-width: 683px) 100vw, 683px\" \/><\/figure>\n\n\n\n<p>Ce&nbsp;<strong>dimanche 12 mars<\/strong>, \u00e0 partir de&nbsp;<strong>15h<\/strong>&nbsp;\u00e0 la Maison Monnet, nos amis de la&nbsp;<strong>Compagnie \u00e0 Hauteur 2 Voix<\/strong>&nbsp;\/ \u00e0 H2V, en particulier V\u00e9ronique-Helena Malvoisin et Jacques Fournier, bien connus de notre association pour avoir assur\u00e9 les lectures en 2018 pour l\u2019inauguration du jardin citoyen europ\u00e9en, proposent des lectures du po\u00e8te kurde&nbsp;<strong>Seyhmus Dagtekin<\/strong>, avec l\u2019accompagnement enchanteur du flutiste Andr\u00e9 Stocchetti. Ainsi que l\u2019annonce cet \u00e9v\u00e9nement : \u00ab&nbsp;(\u2026) suivons ensemble les po\u00e8tes dans le labyrinthe du monde, effa\u00e7ons les fronti\u00e8res et franchissons les lignes, abattons les murs, et avec la qu\u00e9b\u00e9coise H\u00e9l\u00e8ne Dorion, prenons le large vers nous-m\u00eames&nbsp;\u00bb.<\/p>\n\n\n\n<p><strong>Un \u00e9v\u00e9nement fort et inspirant \u00e0 ne pas louper assur\u00e9ment !<\/strong><\/p>\n\n\n\n<p>Vous trouverez les d\u00e9tails en suivant ce lien :<\/p>\n\n\n\n<p><a href=\"https:\/\/www.printempsdespoetes.com\">https:\/\/www.printempsdespoetes.com<\/a><\/p>\n\n\n\n<figure class=\"wp-block-image size-full\"><img loading=\"lazy\" decoding=\"async\" width=\"724\" height=\"1023\" src=\"https:\/\/paradeisos.eu\/wp-content\/uploads\/2024\/10\/image-504.png\" alt=\"\" class=\"wp-image-1331\" srcset=\"https:\/\/paradeisos.eu\/wp-content\/uploads\/2024\/10\/image-504.png 724w, https:\/\/paradeisos.eu\/wp-content\/uploads\/2024\/10\/image-504-212x300.png 212w\" sizes=\"auto, (max-width: 724px) 100vw, 724px\" \/><\/figure>\n","protected":false},"excerpt":{"rendered":"<p>Ce&nbsp;dimanche 12 mars, \u00e0 partir de&nbsp;15h&nbsp;\u00e0 la Maison Monnet, nos amis de la&nbsp;Compagnie \u00e0 Hauteur 2 Voix&nbsp;\/ \u00e0 H2V, en particulier V\u00e9ronique-Helena Malvoisin et Jacques Fournier, bien connus de notre association pour avoir assur\u00e9 les lectures en 2018 pour l\u2019inauguration du jardin citoyen europ\u00e9en, proposent des lectures du po\u00e8te kurde&nbsp;Seyhmus Dagtekin, avec l\u2019accompagnement enchanteur du [&hellip;]<\/p>\n","protected":false},"author":3,"featured_media":1331,"comment_status":"open","ping_status":"open","sticky":false,"template":"","format":"standard","meta":{"footnotes":""},"categories":[18],"tags":[],"class_list":["post-1329","post","type-post","status-publish","format-standard","has-post-thumbnail","hentry","category-actualites"],"_links":{"self":[{"href":"https:\/\/paradeisos.eu\/index.php?rest_route=\/wp\/v2\/posts\/1329","targetHints":{"allow":["GET"]}}],"collection":[{"href":"https:\/\/paradeisos.eu\/index.php?rest_route=\/wp\/v2\/posts"}],"about":[{"href":"https:\/\/paradeisos.eu\/index.php?rest_route=\/wp\/v2\/types\/post"}],"author":[{"embeddable":true,"href":"https:\/\/paradeisos.eu\/index.php?rest_route=\/wp\/v2\/users\/3"}],"replies":[{"embeddable":true,"href":"https:\/\/paradeisos.eu\/index.php?rest_route=%2Fwp%2Fv2%2Fcomments&post=1329"}],"version-history":[{"count":1,"href":"https:\/\/paradeisos.eu\/index.php?rest_route=\/wp\/v2\/posts\/1329\/revisions"}],"predecessor-version":[{"id":1332,"href":"https:\/\/paradeisos.eu\/index.php?rest_route=\/wp\/v2\/posts\/1329\/revisions\/1332"}],"wp:featuredmedia":[{"embeddable":true,"href":"https:\/\/paradeisos.eu\/index.php?rest_route=\/wp\/v2\/media\/1331"}],"wp:attachment":[{"href":"https:\/\/paradeisos.eu\/index.php?rest_route=%2Fwp%2Fv2%2Fmedia&parent=1329"}],"wp:term":[{"taxonomy":"category","embeddable":true,"href":"https:\/\/paradeisos.eu\/index.php?rest_route=%2Fwp%2Fv2%2Fcategories&post=1329"},{"taxonomy":"post_tag","embeddable":true,"href":"https:\/\/paradeisos.eu\/index.php?rest_route=%2Fwp%2Fv2%2Ftags&post=1329"}],"curies":[{"name":"wp","href":"https:\/\/api.w.org\/{rel}","templated":true}]}}