{"id":1316,"date":"2021-02-03T18:59:00","date_gmt":"2021-02-03T16:59:00","guid":{"rendered":"https:\/\/paradeisos.eu\/?p=1316"},"modified":"2024-10-17T19:00:41","modified_gmt":"2024-10-17T17:00:41","slug":"un-colloque-europeen-sur-la-conservation-des-fruitiers-et-potagers-historiques","status":"publish","type":"post","link":"https:\/\/paradeisos.eu\/?p=1316","title":{"rendered":"Un colloque europ\u00e9en sur la conservation des fruitiers et potagers historiques"},"content":{"rendered":"\n<p>Un \u00e9v\u00e9nement \u00e0 suivre du c\u00f4t\u00e9 des r\u00e9seaux fran\u00e7ais et europ\u00e9ens autour des jardins fruitiers et potagers historiques, en lien avec des partenaires bien connus de certains de nos amis parad\u00e9siens, entre le Potager du Roi de Versailles, le r\u00e9seau des Potagers de France, et l\u2019Institut Europ\u00e9en des Jardins et Paysages.<\/p>\n\n\n\n<p>Pour l\u2019acc\u00e8s Institut Europ\u00e9en des Jardins et Paysages&nbsp;:<\/p>\n\n\n\n<p><a href=\"http:\/\/europeangardens.eu\/events\/event\/colloque-europeen-sur-la-conservation-des-jardins-potagers-et-fruitiers-historiques-chambord-france\/\">http:\/\/europeangardens.eu\/events\/event\/colloque-europeen-sur-la-conservation-des-jardins-potagers-et-fruitiers-historiques-chambord-france\/<\/a><\/p>\n\n\n\n<p>Pour l\u2019acc\u00e8s Comit\u00e9 des Parcs et Jardins de France&nbsp;:<\/p>\n\n\n\n<p><a href=\"https:\/\/www.parcsetjardins.fr\/actualites\/conferences-colloques\/conservation-des-jardins-fruitiers-et-potagers-historiques-1662\">https:\/\/www.parcsetjardins.fr\/actualites\/conferences-colloques\/conservation-des-jardins-fruitiers-et-potagers-historiques-1662<\/a><\/p>\n\n\n\n<figure class=\"wp-block-image aligncenter size-full\"><img loading=\"lazy\" decoding=\"async\" width=\"1024\" height=\"830\" src=\"https:\/\/paradeisos.eu\/wp-content\/uploads\/2024\/10\/image-499.png\" alt=\"\" class=\"wp-image-1317\" srcset=\"https:\/\/paradeisos.eu\/wp-content\/uploads\/2024\/10\/image-499.png 1024w, https:\/\/paradeisos.eu\/wp-content\/uploads\/2024\/10\/image-499-300x243.png 300w, https:\/\/paradeisos.eu\/wp-content\/uploads\/2024\/10\/image-499-768x623.png 768w\" sizes=\"auto, (max-width: 1024px) 100vw, 1024px\" \/><\/figure>\n","protected":false},"excerpt":{"rendered":"<p>Un \u00e9v\u00e9nement \u00e0 suivre du c\u00f4t\u00e9 des r\u00e9seaux fran\u00e7ais et europ\u00e9ens autour des jardins fruitiers et potagers historiques, en lien avec des partenaires bien connus de certains de nos amis parad\u00e9siens, entre le Potager du Roi de Versailles, le r\u00e9seau des Potagers de France, et l\u2019Institut Europ\u00e9en des Jardins et Paysages. Pour l\u2019acc\u00e8s Institut Europ\u00e9en [&hellip;]<\/p>\n","protected":false},"author":3,"featured_media":1318,"comment_status":"open","ping_status":"open","sticky":false,"template":"","format":"standard","meta":{"footnotes":""},"categories":[18],"tags":[],"class_list":["post-1316","post","type-post","status-publish","format-standard","has-post-thumbnail","hentry","category-actualites"],"_links":{"self":[{"href":"https:\/\/paradeisos.eu\/index.php?rest_route=\/wp\/v2\/posts\/1316","targetHints":{"allow":["GET"]}}],"collection":[{"href":"https:\/\/paradeisos.eu\/index.php?rest_route=\/wp\/v2\/posts"}],"about":[{"href":"https:\/\/paradeisos.eu\/index.php?rest_route=\/wp\/v2\/types\/post"}],"author":[{"embeddable":true,"href":"https:\/\/paradeisos.eu\/index.php?rest_route=\/wp\/v2\/users\/3"}],"replies":[{"embeddable":true,"href":"https:\/\/paradeisos.eu\/index.php?rest_route=%2Fwp%2Fv2%2Fcomments&post=1316"}],"version-history":[{"count":1,"href":"https:\/\/paradeisos.eu\/index.php?rest_route=\/wp\/v2\/posts\/1316\/revisions"}],"predecessor-version":[{"id":1319,"href":"https:\/\/paradeisos.eu\/index.php?rest_route=\/wp\/v2\/posts\/1316\/revisions\/1319"}],"wp:featuredmedia":[{"embeddable":true,"href":"https:\/\/paradeisos.eu\/index.php?rest_route=\/wp\/v2\/media\/1318"}],"wp:attachment":[{"href":"https:\/\/paradeisos.eu\/index.php?rest_route=%2Fwp%2Fv2%2Fmedia&parent=1316"}],"wp:term":[{"taxonomy":"category","embeddable":true,"href":"https:\/\/paradeisos.eu\/index.php?rest_route=%2Fwp%2Fv2%2Fcategories&post=1316"},{"taxonomy":"post_tag","embeddable":true,"href":"https:\/\/paradeisos.eu\/index.php?rest_route=%2Fwp%2Fv2%2Ftags&post=1316"}],"curies":[{"name":"wp","href":"https:\/\/api.w.org\/{rel}","templated":true}]}}