{"id":1244,"date":"2018-09-05T19:15:00","date_gmt":"2018-09-05T17:15:00","guid":{"rendered":"https:\/\/paradeisos.eu\/?p=1244"},"modified":"2024-10-11T19:15:53","modified_gmt":"2024-10-11T17:15:53","slug":"journee-des-plantes-de-chantilly-19-20-21-octobre","status":"publish","type":"post","link":"https:\/\/paradeisos.eu\/?p=1244","title":{"rendered":"Journ\u00e9e des Plantes de Chantilly (19, 20 &amp; 21 octobre)"},"content":{"rendered":"\n<figure class=\"wp-block-image aligncenter size-full\"><img loading=\"lazy\" decoding=\"async\" width=\"801\" height=\"436\" src=\"https:\/\/paradeisos.eu\/wp-content\/uploads\/2024\/10\/image-472.png\" alt=\"\" class=\"wp-image-1246\" srcset=\"https:\/\/paradeisos.eu\/wp-content\/uploads\/2024\/10\/image-472.png 801w, https:\/\/paradeisos.eu\/wp-content\/uploads\/2024\/10\/image-472-300x163.png 300w, https:\/\/paradeisos.eu\/wp-content\/uploads\/2024\/10\/image-472-768x418.png 768w\" sizes=\"auto, (max-width: 801px) 100vw, 801px\" \/><\/figure>\n\n\n\n<p>L\u2019Europe des jardiniers a de nouveau rendez-vous au Domaine de&nbsp;Chantilly&nbsp;(60) les 19, 20 et 21 octobre 2018. Pr\u00e8s de&nbsp;<strong>250 exposants,<\/strong>&nbsp;s\u00e9lectionn\u00e9s par les diff\u00e9rents jurys et comit\u00e9s des Journ\u00e9es des Plantes, y pr\u00e9senteront&nbsp;<strong>les derni\u00e8res obtentions v\u00e9g\u00e9tales<\/strong>, des&nbsp;<strong>grands classiques<\/strong>, des&nbsp;<strong>plantes \u00e0 red\u00e9couvrir<\/strong>&nbsp;ou des&nbsp;<strong>collections<\/strong>&nbsp;v\u00e9g\u00e9tales. L\u2019occasion de c\u00e9l\u00e9brer la diversit\u00e9 du monde du jardin mais aussi des outils et objets \u00e0 vivre in\u00e9dits pour faciliter le travail du jardinier et embellir la vie au jardin.<\/p>\n\n\n\n<p>Pour cette 7e \u00e9dition,&nbsp;<strong>chaque p\u00e9pini\u00e9riste est invit\u00e9 \u00e0 pr\u00e9senter sa plante favorite<\/strong>.&nbsp;Qu\u2019elle soit une plante ancienne, une classique ou une red\u00e9couverte, une c\u00e9l\u00e8bre vari\u00e9t\u00e9 ou un cultivar inconnu, une obtention r\u00e9cente ou oubli\u00e9e, ce doit \u00eatre la plante qu\u2019il cultive dans son jardin secret\u2026 Ce th\u00e8me plein de promesses transformera ces Journ\u00e9es des Plantes de Chantilly en un sublime \u00e9v\u00e9nement d\u00e9di\u00e9 aux plus belles plantes \u00e0 adopter au jardin.<\/p>\n\n\n\n<p><a href=\"http:\/\/www.domainedechantilly.com\/fr\/journees-plantes\/\">http:\/\/www.domainedechantilly.com\/fr\/journees-plantes\/<\/a><\/p>\n","protected":false},"excerpt":{"rendered":"<p>L\u2019Europe des jardiniers a de nouveau rendez-vous au Domaine de&nbsp;Chantilly&nbsp;(60) les 19, 20 et 21 octobre 2018. Pr\u00e8s de&nbsp;250 exposants,&nbsp;s\u00e9lectionn\u00e9s par les diff\u00e9rents jurys et comit\u00e9s des Journ\u00e9es des Plantes, y pr\u00e9senteront&nbsp;les derni\u00e8res obtentions v\u00e9g\u00e9tales, des&nbsp;grands classiques, des&nbsp;plantes \u00e0 red\u00e9couvrir&nbsp;ou des&nbsp;collections&nbsp;v\u00e9g\u00e9tales. L\u2019occasion de c\u00e9l\u00e9brer la diversit\u00e9 du monde du jardin mais aussi des outils et [&hellip;]<\/p>\n","protected":false},"author":3,"featured_media":1246,"comment_status":"open","ping_status":"open","sticky":false,"template":"","format":"standard","meta":{"footnotes":""},"categories":[18],"tags":[],"class_list":["post-1244","post","type-post","status-publish","format-standard","has-post-thumbnail","hentry","category-actualites"],"_links":{"self":[{"href":"https:\/\/paradeisos.eu\/index.php?rest_route=\/wp\/v2\/posts\/1244","targetHints":{"allow":["GET"]}}],"collection":[{"href":"https:\/\/paradeisos.eu\/index.php?rest_route=\/wp\/v2\/posts"}],"about":[{"href":"https:\/\/paradeisos.eu\/index.php?rest_route=\/wp\/v2\/types\/post"}],"author":[{"embeddable":true,"href":"https:\/\/paradeisos.eu\/index.php?rest_route=\/wp\/v2\/users\/3"}],"replies":[{"embeddable":true,"href":"https:\/\/paradeisos.eu\/index.php?rest_route=%2Fwp%2Fv2%2Fcomments&post=1244"}],"version-history":[{"count":1,"href":"https:\/\/paradeisos.eu\/index.php?rest_route=\/wp\/v2\/posts\/1244\/revisions"}],"predecessor-version":[{"id":1247,"href":"https:\/\/paradeisos.eu\/index.php?rest_route=\/wp\/v2\/posts\/1244\/revisions\/1247"}],"wp:featuredmedia":[{"embeddable":true,"href":"https:\/\/paradeisos.eu\/index.php?rest_route=\/wp\/v2\/media\/1246"}],"wp:attachment":[{"href":"https:\/\/paradeisos.eu\/index.php?rest_route=%2Fwp%2Fv2%2Fmedia&parent=1244"}],"wp:term":[{"taxonomy":"category","embeddable":true,"href":"https:\/\/paradeisos.eu\/index.php?rest_route=%2Fwp%2Fv2%2Fcategories&post=1244"},{"taxonomy":"post_tag","embeddable":true,"href":"https:\/\/paradeisos.eu\/index.php?rest_route=%2Fwp%2Fv2%2Ftags&post=1244"}],"curies":[{"name":"wp","href":"https:\/\/api.w.org\/{rel}","templated":true}]}}