{"id":1062,"date":"2023-06-11T14:33:00","date_gmt":"2023-06-11T12:33:00","guid":{"rendered":"https:\/\/paradeisos.eu\/?p=1062"},"modified":"2024-10-10T14:39:45","modified_gmt":"2024-10-10T12:39:45","slug":"des-rendez-vous-aux-jardins-reussis","status":"publish","type":"post","link":"https:\/\/paradeisos.eu\/?p=1062","title":{"rendered":"Des Rendez-vous aux Jardins r\u00e9ussis !"},"content":{"rendered":"\n<figure class=\"wp-block-image aligncenter size-full\"><img loading=\"lazy\" decoding=\"async\" width=\"1024\" height=\"512\" src=\"https:\/\/paradeisos.eu\/wp-content\/uploads\/2024\/10\/image-384.png\" alt=\"\" class=\"wp-image-1063\" srcset=\"https:\/\/paradeisos.eu\/wp-content\/uploads\/2024\/10\/image-384.png 1024w, https:\/\/paradeisos.eu\/wp-content\/uploads\/2024\/10\/image-384-300x150.png 300w, https:\/\/paradeisos.eu\/wp-content\/uploads\/2024\/10\/image-384-768x384.png 768w\" sizes=\"auto, (max-width: 1024px) 100vw, 1024px\" \/><\/figure>\n\n\n\n<p>Le week-end du 3 et 4 juin dernier s\u2019est d\u00e9roul\u00e9 l\u2019\u00e9v\u00e9nement des&nbsp;<strong>Rdv aux Jardins<\/strong>&nbsp;partout en France et en Europe, mais aussi bien s\u00fbr \u00e0 la Maison Monnet !<\/p>\n\n\n\n<p>Cette ann\u00e9e la plante mise \u00e0 l\u2019honneur par notre collectif Paradeisos \u00e9tait le&nbsp;<strong>coquelicot<\/strong>, qui couvrait magnifiquement tout le parterre de prairie fleurie du jardin citoyen europ\u00e9en devant la chaumi\u00e8re historique du fondateur de l\u2019Europe communautaire.<\/p>\n\n\n\n<p>Le coquelicot, avec son cousin le pavot, qu\u2019on a pu (re)d\u00e9couvrir comme l\u2019une des&nbsp;<strong>plantes symboles les plus pr\u00e9gnantes et r\u00e9silientes de l\u2019h\u00e9ritage culturel et naturel europ\u00e9en<\/strong>, renvoyant aux dieux grecs du sommeil et de la nuit, ainsi qu\u2019aux visions proph\u00e9tiques. Une plante symbolique pr\u00e9sente dans les traditions de nombreux pays et r\u00e9gions d\u2019Europe, comme la&nbsp;<strong>Pologne<\/strong>&nbsp;ou les&nbsp;<strong>Flandres<\/strong>&nbsp;belges, \u00e9voquant aussi les morts de la premi\u00e8re guerre mondiale. Elle est \u00e9galement connue pour \u00eatre l\u2019une des trois fleurs\/couleurs symboles de la&nbsp;<strong>R\u00e9volution fran\u00e7aise<\/strong>, avec le bleuet et la marguerite, succ\u00e9dant ainsi au Lys (en r\u00e9alit\u00e9 l\u2019Iris jaune des marais) royal fran\u00e7ais.<\/p>\n\n\n\n<p>Les membres actifs de l\u2019association Paradeisos se sont donc une nouvelle fois mobilis\u00e9s pour faire de ces Rdv aux Jardins un beau moment de convivialit\u00e9 et de partage pour&nbsp;<strong>explorer nos racines europ\u00e9ennes communes \u00e0 travers le vivant<\/strong>. Cette ann\u00e9e ce sont Am\u00e9lie, Catherine, Evelyne, Fabienne, Hanna, Laurent, Mathilde, Monika et Sylvain, sans oublier les renforts d\u2019Alexandre, Arthur et Florent, qui ont \u00e9t\u00e9 \u00e0 pied d\u2019\u0153uvre.<\/p>\n\n\n\n<figure class=\"wp-block-image aligncenter size-full\"><img loading=\"lazy\" decoding=\"async\" width=\"1024\" height=\"576\" src=\"https:\/\/paradeisos.eu\/wp-content\/uploads\/2024\/10\/image-386.png\" alt=\"\" class=\"wp-image-1065\" srcset=\"https:\/\/paradeisos.eu\/wp-content\/uploads\/2024\/10\/image-386.png 1024w, https:\/\/paradeisos.eu\/wp-content\/uploads\/2024\/10\/image-386-300x169.png 300w, https:\/\/paradeisos.eu\/wp-content\/uploads\/2024\/10\/image-386-768x432.png 768w\" sizes=\"auto, (max-width: 1024px) 100vw, 1024px\" \/><figcaption class=\"wp-element-caption\"><em>Josette de la MJM, et l\u2019\u00e9quipe coordinatrice Paradeisos du jour<\/em><\/figcaption><\/figure>\n\n\n\n<figure class=\"wp-block-image aligncenter size-full\"><img loading=\"lazy\" decoding=\"async\" width=\"1024\" height=\"768\" src=\"https:\/\/paradeisos.eu\/wp-content\/uploads\/2024\/10\/image-387.png\" alt=\"\" class=\"wp-image-1066\" srcset=\"https:\/\/paradeisos.eu\/wp-content\/uploads\/2024\/10\/image-387.png 1024w, https:\/\/paradeisos.eu\/wp-content\/uploads\/2024\/10\/image-387-300x225.png 300w, https:\/\/paradeisos.eu\/wp-content\/uploads\/2024\/10\/image-387-768x576.png 768w\" sizes=\"auto, (max-width: 1024px) 100vw, 1024px\" \/><figcaption class=\"wp-element-caption\"><em>Un parc fleuri des drapeaux de l\u2019Union europ\u00e9enne<\/em><\/figcaption><\/figure>\n\n\n\n<figure class=\"wp-block-image aligncenter size-full\"><img loading=\"lazy\" decoding=\"async\" width=\"1024\" height=\"576\" src=\"https:\/\/paradeisos.eu\/wp-content\/uploads\/2024\/10\/image-388.png\" alt=\"\" class=\"wp-image-1067\" srcset=\"https:\/\/paradeisos.eu\/wp-content\/uploads\/2024\/10\/image-388.png 1024w, https:\/\/paradeisos.eu\/wp-content\/uploads\/2024\/10\/image-388-300x169.png 300w, https:\/\/paradeisos.eu\/wp-content\/uploads\/2024\/10\/image-388-768x432.png 768w\" sizes=\"auto, (max-width: 1024px) 100vw, 1024px\" \/><figcaption class=\"wp-element-caption\"><em>Arthur, Hanna et Alexandre en pleine installation\u2026<\/em><\/figcaption><\/figure>\n\n\n\n<figure class=\"wp-block-image aligncenter size-full\"><img loading=\"lazy\" decoding=\"async\" width=\"1024\" height=\"768\" src=\"https:\/\/paradeisos.eu\/wp-content\/uploads\/2024\/10\/image-389.png\" alt=\"\" class=\"wp-image-1068\" srcset=\"https:\/\/paradeisos.eu\/wp-content\/uploads\/2024\/10\/image-389.png 1024w, https:\/\/paradeisos.eu\/wp-content\/uploads\/2024\/10\/image-389-300x225.png 300w, https:\/\/paradeisos.eu\/wp-content\/uploads\/2024\/10\/image-389-768x576.png 768w\" sizes=\"auto, (max-width: 1024px) 100vw, 1024px\" \/><figcaption class=\"wp-element-caption\"><em>Fabienne et Catherine devant le stand d\u2019info Paradeisos<\/em><\/figcaption><\/figure>\n\n\n\n<figure class=\"wp-block-image aligncenter size-full\"><img loading=\"lazy\" decoding=\"async\" width=\"1024\" height=\"576\" src=\"https:\/\/paradeisos.eu\/wp-content\/uploads\/2024\/10\/image-390.png\" alt=\"\" class=\"wp-image-1069\" srcset=\"https:\/\/paradeisos.eu\/wp-content\/uploads\/2024\/10\/image-390.png 1024w, https:\/\/paradeisos.eu\/wp-content\/uploads\/2024\/10\/image-390-300x169.png 300w, https:\/\/paradeisos.eu\/wp-content\/uploads\/2024\/10\/image-390-768x432.png 768w\" sizes=\"auto, (max-width: 1024px) 100vw, 1024px\" \/><figcaption class=\"wp-element-caption\"><em>Monika et ses beaux panneaux d\u00e9di\u00e9s \u00e0 l\u2019histoire du coquelicot\u2026<\/em><\/figcaption><\/figure>\n\n\n\n<figure class=\"wp-block-image aligncenter size-full\"><img loading=\"lazy\" decoding=\"async\" width=\"1024\" height=\"576\" src=\"https:\/\/paradeisos.eu\/wp-content\/uploads\/2024\/10\/image-391.png\" alt=\"\" class=\"wp-image-1070\" srcset=\"https:\/\/paradeisos.eu\/wp-content\/uploads\/2024\/10\/image-391.png 1024w, https:\/\/paradeisos.eu\/wp-content\/uploads\/2024\/10\/image-391-300x169.png 300w, https:\/\/paradeisos.eu\/wp-content\/uploads\/2024\/10\/image-391-768x432.png 768w\" sizes=\"auto, (max-width: 1024px) 100vw, 1024px\" \/><figcaption class=\"wp-element-caption\"><em>Fabienne en cours d\u2019installation de son parcours sensoriel\u2026<\/em><\/figcaption><\/figure>\n\n\n\n<figure class=\"wp-block-image aligncenter size-full\"><img loading=\"lazy\" decoding=\"async\" width=\"1024\" height=\"768\" src=\"https:\/\/paradeisos.eu\/wp-content\/uploads\/2024\/10\/image-392.png\" alt=\"\" class=\"wp-image-1071\" srcset=\"https:\/\/paradeisos.eu\/wp-content\/uploads\/2024\/10\/image-392.png 1024w, https:\/\/paradeisos.eu\/wp-content\/uploads\/2024\/10\/image-392-300x225.png 300w, https:\/\/paradeisos.eu\/wp-content\/uploads\/2024\/10\/image-392-768x576.png 768w\" sizes=\"auto, (max-width: 1024px) 100vw, 1024px\" \/><figcaption class=\"wp-element-caption\"><em>Fabienne m\u00e9tamorphos\u00e9e\u2026 en \u00ab\u00a0dame aux coquelicots\u00a0\u00bb du jour !<\/em><\/figcaption><\/figure>\n\n\n\n<figure class=\"wp-block-image aligncenter size-full\"><img loading=\"lazy\" decoding=\"async\" width=\"577\" height=\"1024\" src=\"https:\/\/paradeisos.eu\/wp-content\/uploads\/2024\/10\/image-393.png\" alt=\"\" class=\"wp-image-1072\" srcset=\"https:\/\/paradeisos.eu\/wp-content\/uploads\/2024\/10\/image-393.png 577w, https:\/\/paradeisos.eu\/wp-content\/uploads\/2024\/10\/image-393-169x300.png 169w\" sizes=\"auto, (max-width: 577px) 100vw, 577px\" \/><figcaption class=\"wp-element-caption\"><em>Sylvain apr\u00e8s l\u2019effort\u2026 en conciliabule avec Jean\u2026<\/em><\/figcaption><\/figure>\n\n\n\n<p>Sans oublier tout le travail horticole pr\u00e9paratoire des semaines qui ont pr\u00e9c\u00e9d\u00e9es l\u2019\u00e9v\u00e9nement, o\u00f9 l\u2019\u00e9quipe jardin emmen\u00e9e par Juliette, a pu assurer le travail d\u2019entretien pour mettre le jardin sous son meilleur jour, avec l\u2019aide d\u2019Alessandro, Am\u00e9lie, Evelyne, Hanna, Fabienne et V\u00e9ronique.<\/p>\n\n\n\n<figure class=\"wp-block-image aligncenter size-full\"><img loading=\"lazy\" decoding=\"async\" width=\"768\" height=\"1024\" src=\"https:\/\/paradeisos.eu\/wp-content\/uploads\/2024\/10\/image-394.png\" alt=\"\" class=\"wp-image-1073\" srcset=\"https:\/\/paradeisos.eu\/wp-content\/uploads\/2024\/10\/image-394.png 768w, https:\/\/paradeisos.eu\/wp-content\/uploads\/2024\/10\/image-394-225x300.png 225w\" sizes=\"auto, (max-width: 768px) 100vw, 768px\" \/><figcaption class=\"wp-element-caption\"><em>Juliette entour\u00e9e de Fabienne, V\u00e9ronique, Hanna et Am\u00e9lie, aff\u00e9r\u00e9es au toilettage du 2\u00e8me\u00a0parterre<\/em><\/figcaption><\/figure>\n\n\n\n<figure class=\"wp-block-image aligncenter size-full\"><img loading=\"lazy\" decoding=\"async\" width=\"1024\" height=\"768\" src=\"https:\/\/paradeisos.eu\/wp-content\/uploads\/2024\/10\/image-395.png\" alt=\"\" class=\"wp-image-1074\" srcset=\"https:\/\/paradeisos.eu\/wp-content\/uploads\/2024\/10\/image-395.png 1024w, https:\/\/paradeisos.eu\/wp-content\/uploads\/2024\/10\/image-395-300x225.png 300w, https:\/\/paradeisos.eu\/wp-content\/uploads\/2024\/10\/image-395-768x576.png 768w\" sizes=\"auto, (max-width: 1024px) 100vw, 1024px\" \/><figcaption class=\"wp-element-caption\"><em>Sylvie en plein nettoyage du 2\u00e8me\u00a0parterre, entour\u00e9e non loin d\u2019Evelyne, Juliette et Alessandro<\/em><\/figcaption><\/figure>\n\n\n\n<p>L\u2019\u00e9quipe associative s\u2019\u00e9tait donc concentr\u00e9e sur le dimanche 4 juin pour offrir tout un panel d\u2019activit\u00e9s pour tous les publics, des plus jeunes ou plus savants.<\/p>\n\n\n\n<p>Des&nbsp;<strong>ateliers cr\u00e9atifs et de d\u00e9couverte sensorielle<\/strong>&nbsp;autour des plantes propos\u00e9s par Fabienne ont connu un franc succ\u00e8s avec les plus jeunes, mais aussi avec les grands enfants. Laissant les visiteurs repartir avec de belles exp\u00e9riences, cr\u00e9ations v\u00e9g\u00e9tales, et jolis cadeaux souvenirs pour la f\u00eate des mamans. Les&nbsp;<strong>jeux de cartes et animations p\u00e9dagogiques<\/strong>&nbsp;propos\u00e9s par Monika autour de l\u2019<strong>histoire du coquelicot et des plantes symboliques d\u2019Europe<\/strong>&nbsp;ont aussi fait le bonheur des visiteurs. Des visiteurs qui pouvaient dans le m\u00eame temps, sur le stand d\u2019information Paradeisos, d\u00e9guster une boisson fraiche infus\u00e9e de p\u00e9tales de coquelicots.<\/p>\n\n\n\n<figure class=\"wp-block-image aligncenter size-full\"><img loading=\"lazy\" decoding=\"async\" width=\"1024\" height=\"768\" src=\"https:\/\/paradeisos.eu\/wp-content\/uploads\/2024\/10\/image-396.png\" alt=\"\" class=\"wp-image-1075\" srcset=\"https:\/\/paradeisos.eu\/wp-content\/uploads\/2024\/10\/image-396.png 1024w, https:\/\/paradeisos.eu\/wp-content\/uploads\/2024\/10\/image-396-300x225.png 300w, https:\/\/paradeisos.eu\/wp-content\/uploads\/2024\/10\/image-396-768x576.png 768w\" sizes=\"auto, (max-width: 1024px) 100vw, 1024px\" \/><figcaption class=\"wp-element-caption\"><em>Monika en m\u00e9diation\u2026 gustative<\/em><\/figcaption><\/figure>\n\n\n\n<figure class=\"wp-block-image aligncenter size-full\"><img loading=\"lazy\" decoding=\"async\" width=\"1024\" height=\"576\" src=\"https:\/\/paradeisos.eu\/wp-content\/uploads\/2024\/10\/image-397.png\" alt=\"\" class=\"wp-image-1076\" srcset=\"https:\/\/paradeisos.eu\/wp-content\/uploads\/2024\/10\/image-397.png 1024w, https:\/\/paradeisos.eu\/wp-content\/uploads\/2024\/10\/image-397-300x169.png 300w, https:\/\/paradeisos.eu\/wp-content\/uploads\/2024\/10\/image-397-768x432.png 768w\" sizes=\"auto, (max-width: 1024px) 100vw, 1024px\" \/><figcaption class=\"wp-element-caption\"><em>La boisson aux coquelicots\u2026 tr\u00e8s appr\u00e9ci\u00e9e, pour des beaux moments de convivialit\u00e9<\/em><\/figcaption><\/figure>\n\n\n\n<figure class=\"wp-block-image aligncenter size-full\"><img loading=\"lazy\" decoding=\"async\" width=\"1024\" height=\"576\" src=\"https:\/\/paradeisos.eu\/wp-content\/uploads\/2024\/10\/image-398.png\" alt=\"\" class=\"wp-image-1077\" srcset=\"https:\/\/paradeisos.eu\/wp-content\/uploads\/2024\/10\/image-398.png 1024w, https:\/\/paradeisos.eu\/wp-content\/uploads\/2024\/10\/image-398-300x169.png 300w, https:\/\/paradeisos.eu\/wp-content\/uploads\/2024\/10\/image-398-768x432.png 768w\" sizes=\"auto, (max-width: 1024px) 100vw, 1024px\" \/><figcaption class=\"wp-element-caption\"><em>Sylvain au service\u2026<\/em><\/figcaption><\/figure>\n\n\n\n<figure class=\"wp-block-image aligncenter size-full\"><img loading=\"lazy\" decoding=\"async\" width=\"1024\" height=\"512\" src=\"https:\/\/paradeisos.eu\/wp-content\/uploads\/2024\/10\/image-399.png\" alt=\"\" class=\"wp-image-1078\" srcset=\"https:\/\/paradeisos.eu\/wp-content\/uploads\/2024\/10\/image-399.png 1024w, https:\/\/paradeisos.eu\/wp-content\/uploads\/2024\/10\/image-399-300x150.png 300w, https:\/\/paradeisos.eu\/wp-content\/uploads\/2024\/10\/image-399-768x384.png 768w\" sizes=\"auto, (max-width: 1024px) 100vw, 1024px\" \/><\/figure>\n\n\n\n<figure class=\"wp-block-image aligncenter size-full\"><img loading=\"lazy\" decoding=\"async\" width=\"1024\" height=\"576\" src=\"https:\/\/paradeisos.eu\/wp-content\/uploads\/2024\/10\/image-400.png\" alt=\"\" class=\"wp-image-1079\" srcset=\"https:\/\/paradeisos.eu\/wp-content\/uploads\/2024\/10\/image-400.png 1024w, https:\/\/paradeisos.eu\/wp-content\/uploads\/2024\/10\/image-400-300x169.png 300w, https:\/\/paradeisos.eu\/wp-content\/uploads\/2024\/10\/image-400-768x432.png 768w\" sizes=\"auto, (max-width: 1024px) 100vw, 1024px\" \/><figcaption class=\"wp-element-caption\"><em>Fabienne \u00e0 l\u2019\u0153uvre&#8230;<\/em><\/figcaption><\/figure>\n\n\n\n<figure class=\"wp-block-image aligncenter size-full\"><img loading=\"lazy\" decoding=\"async\" width=\"1024\" height=\"576\" src=\"https:\/\/paradeisos.eu\/wp-content\/uploads\/2024\/10\/image-401.png\" alt=\"\" class=\"wp-image-1080\" srcset=\"https:\/\/paradeisos.eu\/wp-content\/uploads\/2024\/10\/image-401.png 1024w, https:\/\/paradeisos.eu\/wp-content\/uploads\/2024\/10\/image-401-300x169.png 300w, https:\/\/paradeisos.eu\/wp-content\/uploads\/2024\/10\/image-401-768x432.png 768w\" sizes=\"auto, (max-width: 1024px) 100vw, 1024px\" \/><\/figure>\n\n\n\n<figure class=\"wp-block-image aligncenter size-full\"><img loading=\"lazy\" decoding=\"async\" width=\"1024\" height=\"576\" src=\"https:\/\/paradeisos.eu\/wp-content\/uploads\/2024\/10\/image-402.png\" alt=\"\" class=\"wp-image-1081\" srcset=\"https:\/\/paradeisos.eu\/wp-content\/uploads\/2024\/10\/image-402.png 1024w, https:\/\/paradeisos.eu\/wp-content\/uploads\/2024\/10\/image-402-300x169.png 300w, https:\/\/paradeisos.eu\/wp-content\/uploads\/2024\/10\/image-402-768x432.png 768w\" sizes=\"auto, (max-width: 1024px) 100vw, 1024px\" \/><figcaption class=\"wp-element-caption\"><em>C\u2019est parti pour le parcours sensoriel !!!<\/em><\/figcaption><\/figure>\n\n\n\n<figure class=\"wp-block-image aligncenter size-full\"><img loading=\"lazy\" decoding=\"async\" width=\"1024\" height=\"576\" src=\"https:\/\/paradeisos.eu\/wp-content\/uploads\/2024\/10\/image-403.png\" alt=\"\" class=\"wp-image-1082\" srcset=\"https:\/\/paradeisos.eu\/wp-content\/uploads\/2024\/10\/image-403.png 1024w, https:\/\/paradeisos.eu\/wp-content\/uploads\/2024\/10\/image-403-300x169.png 300w, https:\/\/paradeisos.eu\/wp-content\/uploads\/2024\/10\/image-403-768x432.png 768w\" sizes=\"auto, (max-width: 1024px) 100vw, 1024px\" \/><figcaption class=\"wp-element-caption\"><em>Atelier cr\u00e9atif en pleine action !<\/em><\/figcaption><\/figure>\n\n\n\n<figure class=\"wp-block-image aligncenter size-full\"><img loading=\"lazy\" decoding=\"async\" width=\"577\" height=\"1024\" src=\"https:\/\/paradeisos.eu\/wp-content\/uploads\/2024\/10\/image-404.png\" alt=\"\" class=\"wp-image-1083\" srcset=\"https:\/\/paradeisos.eu\/wp-content\/uploads\/2024\/10\/image-404.png 577w, https:\/\/paradeisos.eu\/wp-content\/uploads\/2024\/10\/image-404-169x300.png 169w\" sizes=\"auto, (max-width: 577px) 100vw, 577px\" \/><figcaption class=\"wp-element-caption\"><em>Le Pr\u00e9sident enchant\u00e9 par l\u2019attrait des enfants pour nos animations cette ann\u00e9e<\/em><\/figcaption><\/figure>\n\n\n\n<figure class=\"wp-block-image aligncenter size-full\"><img loading=\"lazy\" decoding=\"async\" width=\"1024\" height=\"576\" src=\"https:\/\/paradeisos.eu\/wp-content\/uploads\/2024\/10\/image-405.png\" alt=\"\" class=\"wp-image-1084\" srcset=\"https:\/\/paradeisos.eu\/wp-content\/uploads\/2024\/10\/image-405.png 1024w, https:\/\/paradeisos.eu\/wp-content\/uploads\/2024\/10\/image-405-300x169.png 300w, https:\/\/paradeisos.eu\/wp-content\/uploads\/2024\/10\/image-405-768x432.png 768w\" sizes=\"auto, (max-width: 1024px) 100vw, 1024px\" \/><figcaption class=\"wp-element-caption\"><em>Les tout petits, mais aussi les plus grands, se succ\u00e8dent pour exp\u00e9rimenter pieds nus le parcours sensoriel imagin\u00e9 par Fabienne\u2026Un beau succ\u00e8s pour le plus grand plaisir de tous !<\/em><\/figcaption><\/figure>\n\n\n\n<p>Pendant ce temps les visiteurs pouvaient d\u00e9couvrir les nouveaux panneaux sur les plantes symboliques d\u2019Europe con\u00e7us par Am\u00e9lie, Hanna et Sylvain, pendant qu\u2019Arthur, accompagn\u00e9 par Romain Rivi\u00e8re pour la chaine Twitch \u00ab\u00a0Le Flot de l\u2019Histoire\u00a0\u00bb, recueillait les impressions du moment pour la m\u00e9moire collective et les r\u00e9seaux sociaux de l\u2019association (avec bient\u00f4t des retours et valorisations de ces nouvelles actions associatives ; ).<\/p>\n\n\n\n<figure class=\"wp-block-image aligncenter size-full\"><img loading=\"lazy\" decoding=\"async\" width=\"1024\" height=\"512\" src=\"https:\/\/paradeisos.eu\/wp-content\/uploads\/2024\/10\/image-406.png\" alt=\"\" class=\"wp-image-1085\" srcset=\"https:\/\/paradeisos.eu\/wp-content\/uploads\/2024\/10\/image-406.png 1024w, https:\/\/paradeisos.eu\/wp-content\/uploads\/2024\/10\/image-406-300x150.png 300w, https:\/\/paradeisos.eu\/wp-content\/uploads\/2024\/10\/image-406-768x384.png 768w\" sizes=\"auto, (max-width: 1024px) 100vw, 1024px\" \/><figcaption class=\"wp-element-caption\"><em>Arthur, Romain et les premiers visiteurs de la journ\u00e9e admirant nos nouveaux panneaux\u2026<\/em><\/figcaption><\/figure>\n\n\n\n<figure class=\"wp-block-image aligncenter size-full\"><img loading=\"lazy\" decoding=\"async\" width=\"1024\" height=\"576\" src=\"https:\/\/paradeisos.eu\/wp-content\/uploads\/2024\/10\/image-407.png\" alt=\"\" class=\"wp-image-1086\" srcset=\"https:\/\/paradeisos.eu\/wp-content\/uploads\/2024\/10\/image-407.png 1024w, https:\/\/paradeisos.eu\/wp-content\/uploads\/2024\/10\/image-407-300x169.png 300w, https:\/\/paradeisos.eu\/wp-content\/uploads\/2024\/10\/image-407-768x432.png 768w\" sizes=\"auto, (max-width: 1024px) 100vw, 1024px\" \/><figcaption class=\"wp-element-caption\"><em>Arthur en pleine action pour interviewer et r\u00e9colter les avis et impressions des participants et membres de l\u2019association<\/em><\/figcaption><\/figure>\n\n\n\n<p>Catherine, Mathilde et Sylvain ont ensuite assur\u00e9 les\u00a0m\u00e9diations culture-nature\u00a0habituelles, et toujours attendues de l\u2019association, autour de l\u2019histoire du jardin citoyen europ\u00e9en, de la\u00a0visite arboretum et exploration botanique dans le parc. Mathilde en particulier a enchant\u00e9 les participants de ses savoirs en la mati\u00e8re.<\/p>\n\n\n\n<figure class=\"wp-block-image aligncenter size-full\"><img loading=\"lazy\" decoding=\"async\" width=\"1024\" height=\"768\" src=\"https:\/\/paradeisos.eu\/wp-content\/uploads\/2024\/10\/image-408.png\" alt=\"\" class=\"wp-image-1087\" srcset=\"https:\/\/paradeisos.eu\/wp-content\/uploads\/2024\/10\/image-408.png 1024w, https:\/\/paradeisos.eu\/wp-content\/uploads\/2024\/10\/image-408-300x225.png 300w, https:\/\/paradeisos.eu\/wp-content\/uploads\/2024\/10\/image-408-768x576.png 768w\" sizes=\"auto, (max-width: 1024px) 100vw, 1024px\" \/><figcaption class=\"wp-element-caption\">Mathilde et son groupe install\u00e9s dans l\u2019herbe, en train d\u2019\u00e9tudier les propri\u00e9t\u00e9s botaniques, culinaires et th\u00e9rapeutiques des plantes rencontr\u00e9es dans le parc de la Maison Monnet<\/figcaption><\/figure>\n\n\n\n<figure class=\"wp-block-image aligncenter size-full\"><img loading=\"lazy\" decoding=\"async\" width=\"1024\" height=\"768\" src=\"https:\/\/paradeisos.eu\/wp-content\/uploads\/2024\/10\/image-409.png\" alt=\"\" class=\"wp-image-1088\" srcset=\"https:\/\/paradeisos.eu\/wp-content\/uploads\/2024\/10\/image-409.png 1024w, https:\/\/paradeisos.eu\/wp-content\/uploads\/2024\/10\/image-409-300x225.png 300w, https:\/\/paradeisos.eu\/wp-content\/uploads\/2024\/10\/image-409-768x576.png 768w\" sizes=\"auto, (max-width: 1024px) 100vw, 1024px\" \/><figcaption class=\"wp-element-caption\"><em>Catherine et son groupe en observation des arbres du parc<\/em><\/figcaption><\/figure>\n\n\n\n<figure class=\"wp-block-image aligncenter size-full\"><img loading=\"lazy\" decoding=\"async\" width=\"1024\" height=\"576\" src=\"https:\/\/paradeisos.eu\/wp-content\/uploads\/2024\/10\/image-410.png\" alt=\"\" class=\"wp-image-1089\" srcset=\"https:\/\/paradeisos.eu\/wp-content\/uploads\/2024\/10\/image-410.png 1024w, https:\/\/paradeisos.eu\/wp-content\/uploads\/2024\/10\/image-410-300x169.png 300w, https:\/\/paradeisos.eu\/wp-content\/uploads\/2024\/10\/image-410-768x432.png 768w\" sizes=\"auto, (max-width: 1024px) 100vw, 1024px\" \/><figcaption class=\"wp-element-caption\"><em>Mathilde et son groupe autour des plantes des recoins du parc<\/em><\/figcaption><\/figure>\n\n\n\n<figure class=\"wp-block-image aligncenter size-full\"><img loading=\"lazy\" decoding=\"async\" width=\"577\" height=\"1024\" src=\"https:\/\/paradeisos.eu\/wp-content\/uploads\/2024\/10\/image-411.png\" alt=\"\" class=\"wp-image-1090\" srcset=\"https:\/\/paradeisos.eu\/wp-content\/uploads\/2024\/10\/image-411.png 577w, https:\/\/paradeisos.eu\/wp-content\/uploads\/2024\/10\/image-411-169x300.png 169w\" sizes=\"auto, (max-width: 577px) 100vw, 577px\" \/><figcaption class=\"wp-element-caption\"><em>Sylvain dans l\u2019h\u00e9micycle du jardin citoyen europ\u00e9en, expliquant les fondements de cette belle aventure collective, avec les r\u00e9f\u00e9rences et renvois culturels \u00e0 la grande histoire des hommes et des plantes sur le continent europ\u00e9en.<\/em><\/figcaption><\/figure>\n\n\n\n<p>Une belle journ\u00e9e donc, qui a \u00e9t\u00e9 l\u2019occasion de multiples rencontres, exp\u00e9riences et partages, dans la fid\u00e9lit\u00e9 de la vocation profonde de l\u2019association, pour explorer et retisser nos liens aux autres et au vivant !<\/p>\n\n\n\n<p>Merci \u00e0 tous les amis de l\u2019association, et aussi bien s\u00fbr \u00e0 l\u2019\u00e9quipe Jean Monnet, pour toutes les contributions si constructives, enthousiastes et g\u00e9n\u00e9reuses dans ce cadre !<\/p>\n\n\n\n<p>A bient\u00f4t pour de nouveaux beaux moments\u2026 comme cette&nbsp;<strong>sortie exceptionnelle<\/strong>&nbsp;pour les membres associatifs, pr\u00e9vue le&nbsp;<strong>samedi 24 juin<\/strong>&nbsp;aux&nbsp;<strong>Jardins du Trianon<\/strong>&nbsp;\u00e0 Versailles, sous la conduite de nos amis jardiniers-paysagistes italiens Elena et Giovanni ! (Informations \u00e0 suivre\u2026 ; )<\/p>\n","protected":false},"excerpt":{"rendered":"<p>Le week-end du 3 et 4 juin dernier s\u2019est d\u00e9roul\u00e9 l\u2019\u00e9v\u00e9nement des&nbsp;Rdv aux Jardins&nbsp;partout en France et en Europe, mais aussi bien s\u00fbr \u00e0 la Maison Monnet ! Cette ann\u00e9e la plante mise \u00e0 l\u2019honneur par notre collectif Paradeisos \u00e9tait le&nbsp;coquelicot, qui couvrait magnifiquement tout le parterre de prairie fleurie du jardin citoyen europ\u00e9en devant [&hellip;]<\/p>\n","protected":false},"author":3,"featured_media":1063,"comment_status":"open","ping_status":"open","sticky":false,"template":"","format":"standard","meta":{"footnotes":""},"categories":[16],"tags":[],"class_list":["post-1062","post","type-post","status-publish","format-standard","has-post-thumbnail","hentry","category-newsletter"],"_links":{"self":[{"href":"https:\/\/paradeisos.eu\/index.php?rest_route=\/wp\/v2\/posts\/1062","targetHints":{"allow":["GET"]}}],"collection":[{"href":"https:\/\/paradeisos.eu\/index.php?rest_route=\/wp\/v2\/posts"}],"about":[{"href":"https:\/\/paradeisos.eu\/index.php?rest_route=\/wp\/v2\/types\/post"}],"author":[{"embeddable":true,"href":"https:\/\/paradeisos.eu\/index.php?rest_route=\/wp\/v2\/users\/3"}],"replies":[{"embeddable":true,"href":"https:\/\/paradeisos.eu\/index.php?rest_route=%2Fwp%2Fv2%2Fcomments&post=1062"}],"version-history":[{"count":1,"href":"https:\/\/paradeisos.eu\/index.php?rest_route=\/wp\/v2\/posts\/1062\/revisions"}],"predecessor-version":[{"id":1091,"href":"https:\/\/paradeisos.eu\/index.php?rest_route=\/wp\/v2\/posts\/1062\/revisions\/1091"}],"wp:featuredmedia":[{"embeddable":true,"href":"https:\/\/paradeisos.eu\/index.php?rest_route=\/wp\/v2\/media\/1063"}],"wp:attachment":[{"href":"https:\/\/paradeisos.eu\/index.php?rest_route=%2Fwp%2Fv2%2Fmedia&parent=1062"}],"wp:term":[{"taxonomy":"category","embeddable":true,"href":"https:\/\/paradeisos.eu\/index.php?rest_route=%2Fwp%2Fv2%2Fcategories&post=1062"},{"taxonomy":"post_tag","embeddable":true,"href":"https:\/\/paradeisos.eu\/index.php?rest_route=%2Fwp%2Fv2%2Ftags&post=1062"}],"curies":[{"name":"wp","href":"https:\/\/api.w.org\/{rel}","templated":true}]}}