{"id":1052,"date":"2023-02-20T14:30:00","date_gmt":"2023-02-20T12:30:00","guid":{"rendered":"https:\/\/paradeisos.eu\/?p=1052"},"modified":"2024-10-10T14:32:47","modified_gmt":"2024-10-10T12:32:47","slug":"retours-sur-la-journee-du-5-fevrier-a-la-maison-monnet","status":"publish","type":"post","link":"https:\/\/paradeisos.eu\/?p=1052","title":{"rendered":"Retours sur la journ\u00e9e du 5 f\u00e9vrier \u00e0 la Maison Monnet"},"content":{"rendered":"\n<figure class=\"wp-block-image aligncenter size-full\"><img loading=\"lazy\" decoding=\"async\" width=\"1017\" height=\"533\" src=\"https:\/\/paradeisos.eu\/wp-content\/uploads\/2024\/10\/image-376.png\" alt=\"\" class=\"wp-image-1053\" srcset=\"https:\/\/paradeisos.eu\/wp-content\/uploads\/2024\/10\/image-376.png 1017w, https:\/\/paradeisos.eu\/wp-content\/uploads\/2024\/10\/image-376-300x157.png 300w, https:\/\/paradeisos.eu\/wp-content\/uploads\/2024\/10\/image-376-768x403.png 768w\" sizes=\"auto, (max-width: 1017px) 100vw, 1017px\" \/><\/figure>\n\n\n\n<p>Le dimanche 5 f\u00e9vrier dernier s\u2019est tenu \u00e0 la Maison Monnet l\u2019Assembl\u00e9e G\u00e9n\u00e9rale de l\u2019association, avec un accueil toujours aussi amical et sur mesure de la part de l\u2019\u00e9quipe sur place. Merci en particulier \u00e0 Marti, Philippe, Josette et Liz, mais aussi Debora et V\u00e9ronique en amont, pour leurs suivis et accompagnements.<\/p>\n\n\n\n<p>L\u2019AG a permis d\u2019\u00e9changer sur les activit\u00e9s de l\u2019ann\u00e9e pass\u00e9e, apr\u00e8s une p\u00e9riode difficile encore lourdement impact\u00e9e par les \u00e9v\u00e9nements li\u00e9s \u00e0 la Covid et autres emp\u00eachements conjoncturels divers. M\u00e9lodie Lef\u00e8vre, Sylvain Hilaire et Laurent Bugeat pour le bureau de l\u2019association, mais aussi Juliette Roll\u00e8s et Catherine Marchal, ont ainsi pu pr\u00e9senter un \u00e9tat des lieux complet de la vie de l\u2019association \u00e0 sa 5\u00e8me ann\u00e9e d\u2019existence, de ses fonctionnements internes, financiers, partenariats de projets, jusqu\u2019aux activit\u00e9s de terrain.<\/p>\n\n\n\n<p>Une assembl\u00e9e qui a permis aussi d\u2019\u00e9voquer les nouvelles perspectives qui s\u2019ouvrent de plus en plus avec la maison Monnet et les services du Parlement europ\u00e9en pour le d\u00e9veloppement de ses activit\u00e9s.<\/p>\n\n\n\n<p>Cette r\u00e9union importante pour l\u2019avenir associatif a \u00e9t\u00e9 suivie comme a son accoutum\u00e9e par un repas collectif convivial, dans un climat amical et ensoleill\u00e9. Merci dans ce cadre \u00e0 Juliette Roll\u00e8s pour l\u2019organisation et pr\u00e9paration logistique.<\/p>\n\n\n\n<figure class=\"wp-block-image aligncenter size-full\"><img loading=\"lazy\" decoding=\"async\" width=\"766\" height=\"1023\" src=\"https:\/\/paradeisos.eu\/wp-content\/uploads\/2024\/10\/image-377.png\" alt=\"\" class=\"wp-image-1054\" srcset=\"https:\/\/paradeisos.eu\/wp-content\/uploads\/2024\/10\/image-377.png 766w, https:\/\/paradeisos.eu\/wp-content\/uploads\/2024\/10\/image-377-225x300.png 225w\" sizes=\"auto, (max-width: 766px) 100vw, 766px\" \/><\/figure>\n\n\n\n<figure class=\"wp-block-image aligncenter size-full\"><img loading=\"lazy\" decoding=\"async\" width=\"766\" height=\"1023\" src=\"https:\/\/paradeisos.eu\/wp-content\/uploads\/2024\/10\/image-378.png\" alt=\"\" class=\"wp-image-1055\" srcset=\"https:\/\/paradeisos.eu\/wp-content\/uploads\/2024\/10\/image-378.png 766w, https:\/\/paradeisos.eu\/wp-content\/uploads\/2024\/10\/image-378-225x300.png 225w\" sizes=\"auto, (max-width: 766px) 100vw, 766px\" \/><\/figure>\n\n\n\n<figure class=\"wp-block-image aligncenter size-full\"><img loading=\"lazy\" decoding=\"async\" width=\"1024\" height=\"768\" src=\"https:\/\/paradeisos.eu\/wp-content\/uploads\/2024\/10\/image-379.png\" alt=\"\" class=\"wp-image-1056\" srcset=\"https:\/\/paradeisos.eu\/wp-content\/uploads\/2024\/10\/image-379.png 1024w, https:\/\/paradeisos.eu\/wp-content\/uploads\/2024\/10\/image-379-300x225.png 300w, https:\/\/paradeisos.eu\/wp-content\/uploads\/2024\/10\/image-379-768x576.png 768w\" sizes=\"auto, (max-width: 1024px) 100vw, 1024px\" \/><\/figure>\n\n\n\n<figure class=\"wp-block-image aligncenter size-full\"><img loading=\"lazy\" decoding=\"async\" width=\"1024\" height=\"768\" src=\"https:\/\/paradeisos.eu\/wp-content\/uploads\/2024\/10\/image-380.png\" alt=\"\" class=\"wp-image-1057\" srcset=\"https:\/\/paradeisos.eu\/wp-content\/uploads\/2024\/10\/image-380.png 1024w, https:\/\/paradeisos.eu\/wp-content\/uploads\/2024\/10\/image-380-300x225.png 300w, https:\/\/paradeisos.eu\/wp-content\/uploads\/2024\/10\/image-380-768x576.png 768w\" sizes=\"auto, (max-width: 1024px) 100vw, 1024px\" \/><\/figure>\n\n\n\n<figure class=\"wp-block-image aligncenter size-full\"><img loading=\"lazy\" decoding=\"async\" width=\"1024\" height=\"768\" src=\"https:\/\/paradeisos.eu\/wp-content\/uploads\/2024\/10\/image-381.png\" alt=\"\" class=\"wp-image-1058\" srcset=\"https:\/\/paradeisos.eu\/wp-content\/uploads\/2024\/10\/image-381.png 1024w, https:\/\/paradeisos.eu\/wp-content\/uploads\/2024\/10\/image-381-300x225.png 300w, https:\/\/paradeisos.eu\/wp-content\/uploads\/2024\/10\/image-381-768x576.png 768w\" sizes=\"auto, (max-width: 1024px) 100vw, 1024px\" \/><\/figure>\n\n\n\n<p>Une Assembl\u00e9e G\u00e9n\u00e9rale qui \u00e9tait ensuite suivie l\u2019apr\u00e8s-midi par une conf\u00e9rence sp\u00e9ciale, assur\u00e9e par notre pr\u00e9sident Sylvain Hilaire, sur le th\u00e8me des jardins et paysages culturels li\u00e9s aux personnalit\u00e9s fondatrices de l\u2019Europe communautaire. Une conf\u00e9rence-d\u00e9bat organis\u00e9e en lien avec le Centre d\u2019histoire culturelle des soci\u00e9t\u00e9s contemporaines de l\u2019Universit\u00e9 Versailles Saint-Quentin \/ Paris Saclay, et bien s\u00fbr les services de la Maison Monnet, partenaires et r\u00e9seaux du Parlement europ\u00e9en, dont la Maison Adenauer en Allemagne, qui \u00e9tait repr\u00e9sent\u00e9e en lien visio direct par Sabine Steidle. Avec des remerciements appuy\u00e9s aussi \u00e0 Marti Grau Segu et Philippe Leguen pour leurs introductions et mod\u00e9rations dans ce cadre.<\/p>\n\n\n\n<figure class=\"wp-block-image aligncenter size-full\"><img loading=\"lazy\" decoding=\"async\" width=\"1024\" height=\"537\" src=\"https:\/\/paradeisos.eu\/wp-content\/uploads\/2024\/10\/image-382.png\" alt=\"\" class=\"wp-image-1059\" srcset=\"https:\/\/paradeisos.eu\/wp-content\/uploads\/2024\/10\/image-382.png 1024w, https:\/\/paradeisos.eu\/wp-content\/uploads\/2024\/10\/image-382-300x157.png 300w, https:\/\/paradeisos.eu\/wp-content\/uploads\/2024\/10\/image-382-768x403.png 768w\" sizes=\"auto, (max-width: 1024px) 100vw, 1024px\" \/><\/figure>\n\n\n\n<p>Il s\u2019agissait d\u2019un moment important pour notre association, o\u00f9 tout le fond de la d\u00e9marche, ou \u00ab\u00a0Initiative Paradeisos\u00a0\u00bb, a pu \u00eatre rappel\u00e9 et remis en perspective. Cela \u00e0 la fois en regard \u00e0 la riche histoire des jardins et des paysages en Europe depuis l\u2019Antiquit\u00e9, \u00e0 l\u2019expression particuli\u00e8re qu\u2019elle trouve au XX\u00e8me si\u00e8cle chez les \u00ab\u00a0P\u00e8res fondateurs\u00a0\u00bb de l\u2019Europe communautaire, Robert Schuman, Alcide de Gasperi, Konrad Adenauer et bien s\u00fbr aussi Jean Monnet, avec ses variations particuli\u00e8res autour de sa chaumi\u00e8re, jardins et paysages franciliens de Bazoches-sur-Guyonne. Sans oublier les enjeux et perspectives actuelles autour du r\u00f4le grandissant qui est redonn\u00e9 au jardin participatif comme espace citoyen de renouveau soci\u00e9tal.<\/p>\n\n\n\n<figure class=\"wp-block-image aligncenter size-full\"><img loading=\"lazy\" decoding=\"async\" width=\"1024\" height=\"768\" src=\"https:\/\/paradeisos.eu\/wp-content\/uploads\/2024\/10\/image-383.png\" alt=\"\" class=\"wp-image-1060\" srcset=\"https:\/\/paradeisos.eu\/wp-content\/uploads\/2024\/10\/image-383.png 1024w, https:\/\/paradeisos.eu\/wp-content\/uploads\/2024\/10\/image-383-300x225.png 300w, https:\/\/paradeisos.eu\/wp-content\/uploads\/2024\/10\/image-383-768x576.png 768w\" sizes=\"auto, (max-width: 1024px) 100vw, 1024px\" \/><\/figure>\n\n\n\n<p>Une conf\u00e9rence qui a \u00e9t\u00e9 int\u00e9gralement film\u00e9e, mont\u00e9e et retransmise sur les r\u00e9seaux de la maison Monnet, avec encore tous nos remerciements pour l\u2019\u00e9quipe de la MJM pour leur implication et accompagnements dans ce cadre !<\/p>\n\n\n\n<p><strong>Cet \u00e9v\u00e9nement est donc d\u00e9sormais accessible \u00e0 tous en ligne<\/strong>&nbsp;! N\u2019h\u00e9sitez donc pas \u00e0 vous y plonger pour renouer avec nos r\u00e9f\u00e9rences et valeurs communes, nos \u00e9changes, motivations et discussions de fond pour contribuer \u00e0 faire vivre cette belle histoire partag\u00e9e des jardins et paysages culturels europ\u00e9ens, comme composante essentielle de notre histoire commune, de notre identit\u00e9 et de notre capacit\u00e9 \u00e0 agir ensemble.<\/p>\n\n\n\n<figure class=\"wp-block-embed aligncenter is-type-video is-provider-youtube wp-block-embed-youtube wp-embed-aspect-16-9 wp-has-aspect-ratio\"><div class=\"wp-block-embed__wrapper\">\n<iframe loading=\"lazy\" title=\"Les p\u00e8res fondateurs de l&#039;Europe communautaire en leurs jardins\" width=\"500\" height=\"281\" src=\"https:\/\/www.youtube.com\/embed\/OqOLmggArls?feature=oembed\" frameborder=\"0\" allow=\"accelerometer; autoplay; clipboard-write; encrypted-media; gyroscope; picture-in-picture; web-share\" referrerpolicy=\"strict-origin-when-cross-origin\" allowfullscreen><\/iframe>\n<\/div><\/figure>\n","protected":false},"excerpt":{"rendered":"<p>Le dimanche 5 f\u00e9vrier dernier s\u2019est tenu \u00e0 la Maison Monnet l\u2019Assembl\u00e9e G\u00e9n\u00e9rale de l\u2019association, avec un accueil toujours aussi amical et sur mesure de la part de l\u2019\u00e9quipe sur place. Merci en particulier \u00e0 Marti, Philippe, Josette et Liz, mais aussi Debora et V\u00e9ronique en amont, pour leurs suivis et accompagnements. L\u2019AG a permis [&hellip;]<\/p>\n","protected":false},"author":3,"featured_media":1056,"comment_status":"open","ping_status":"open","sticky":false,"template":"","format":"standard","meta":{"footnotes":""},"categories":[16],"tags":[],"class_list":["post-1052","post","type-post","status-publish","format-standard","has-post-thumbnail","hentry","category-newsletter"],"_links":{"self":[{"href":"https:\/\/paradeisos.eu\/index.php?rest_route=\/wp\/v2\/posts\/1052","targetHints":{"allow":["GET"]}}],"collection":[{"href":"https:\/\/paradeisos.eu\/index.php?rest_route=\/wp\/v2\/posts"}],"about":[{"href":"https:\/\/paradeisos.eu\/index.php?rest_route=\/wp\/v2\/types\/post"}],"author":[{"embeddable":true,"href":"https:\/\/paradeisos.eu\/index.php?rest_route=\/wp\/v2\/users\/3"}],"replies":[{"embeddable":true,"href":"https:\/\/paradeisos.eu\/index.php?rest_route=%2Fwp%2Fv2%2Fcomments&post=1052"}],"version-history":[{"count":1,"href":"https:\/\/paradeisos.eu\/index.php?rest_route=\/wp\/v2\/posts\/1052\/revisions"}],"predecessor-version":[{"id":1061,"href":"https:\/\/paradeisos.eu\/index.php?rest_route=\/wp\/v2\/posts\/1052\/revisions\/1061"}],"wp:featuredmedia":[{"embeddable":true,"href":"https:\/\/paradeisos.eu\/index.php?rest_route=\/wp\/v2\/media\/1056"}],"wp:attachment":[{"href":"https:\/\/paradeisos.eu\/index.php?rest_route=%2Fwp%2Fv2%2Fmedia&parent=1052"}],"wp:term":[{"taxonomy":"category","embeddable":true,"href":"https:\/\/paradeisos.eu\/index.php?rest_route=%2Fwp%2Fv2%2Fcategories&post=1052"},{"taxonomy":"post_tag","embeddable":true,"href":"https:\/\/paradeisos.eu\/index.php?rest_route=%2Fwp%2Fv2%2Ftags&post=1052"}],"curies":[{"name":"wp","href":"https:\/\/api.w.org\/{rel}","templated":true}]}}