{"id":1047,"date":"2022-09-19T14:28:00","date_gmt":"2022-09-19T12:28:00","guid":{"rendered":"https:\/\/paradeisos.eu\/?p=1047"},"modified":"2024-10-10T14:30:14","modified_gmt":"2024-10-10T12:30:14","slug":"les-journees-europeennes-du-patrimoine-a-la-maison-monnet","status":"publish","type":"post","link":"https:\/\/paradeisos.eu\/?p=1047","title":{"rendered":"Les journ\u00e9es europ\u00e9ennes du patrimoine \u00e0 la Maison Monnet"},"content":{"rendered":"\n<figure class=\"wp-block-image aligncenter size-full\"><img loading=\"lazy\" decoding=\"async\" width=\"1024\" height=\"768\" src=\"https:\/\/paradeisos.eu\/wp-content\/uploads\/2024\/10\/image-373.png\" alt=\"\" class=\"wp-image-1048\" srcset=\"https:\/\/paradeisos.eu\/wp-content\/uploads\/2024\/10\/image-373.png 1024w, https:\/\/paradeisos.eu\/wp-content\/uploads\/2024\/10\/image-373-300x225.png 300w, https:\/\/paradeisos.eu\/wp-content\/uploads\/2024\/10\/image-373-768x576.png 768w\" sizes=\"auto, (max-width: 1024px) 100vw, 1024px\" \/><figcaption class=\"wp-element-caption\"><em>Le stand Paradeisos avec Anissa \u00e0 l\u2019entr\u00e9e du Jardin<\/em><\/figcaption><\/figure>\n\n\n\n<p>Ce week-end les journ\u00e9es europ\u00e9ennes du patrimoine battaient leur plein dans toute la France, en particulier \u00e0 la Maison Jean Monnet, qui a d\u00e9pass\u00e9 son record d\u2019affluence \u00e0 cette occasion (qui \u00e9tait d\u00e9tenu par l\u2019inauguration de notre jardin citoyen europ\u00e9en en 2018 ; ). Un riche programme d\u2019activit\u00e9s \u00e9tait propos\u00e9 au public dans tous les recoins de la maison Monnet, depuis des concerts guinguettes dans une salle de s\u00e9minaire bond\u00e9e, les visites guid\u00e9es dans la chaumi\u00e8re, une exposition d\u2019art photographique dans le parc, jusqu\u2019aux activit\u00e9s d\u2019Escape Game sur application. Notre association Paradeisos a accompagn\u00e9 comme \u00e0 son accoutum\u00e9e cet \u00e9v\u00e9nement en d\u00e9veloppant ses m\u00e9diations culture-nature autour du jardin, en proposant un stand d\u2019informations, des moments d\u2019\u00e9changes, des dons de graines et de plantes (mais aussi de grappes de vieilles vignes \u00e0 d\u00e9guster !). Un grand merci et bravo \u00e0 Fabienne Deureux et Juliette Rolles dans ce cadre, qui ont pr\u00e9par\u00e9 et anim\u00e9 ce stand avec go\u00fbt, g\u00e9n\u00e9rosit\u00e9 et inventivit\u00e9, mais aussi \u00e0 Sylvie Sohier pour les pr\u00e9parations en amont, et \u00e0 Anissa Lamri venue en renfort ce jour, qui a parfaitement relay\u00e9 l\u2019\u00e9quipe. Tout cela a concord\u00e9 \u00e0 faire de notre stand un espace attractif et vivant qui a fait le bonheur des visiteurs venus par centaines se promener dans le parc entre deux visites et \u00e9v\u00e9nements.<\/p>\n\n\n\n<figure class=\"wp-block-image aligncenter size-full\"><img loading=\"lazy\" decoding=\"async\" width=\"1024\" height=\"768\" src=\"https:\/\/paradeisos.eu\/wp-content\/uploads\/2024\/10\/image-374.png\" alt=\"\" class=\"wp-image-1049\" srcset=\"https:\/\/paradeisos.eu\/wp-content\/uploads\/2024\/10\/image-374.png 1024w, https:\/\/paradeisos.eu\/wp-content\/uploads\/2024\/10\/image-374-300x225.png 300w, https:\/\/paradeisos.eu\/wp-content\/uploads\/2024\/10\/image-374-768x576.png 768w\" sizes=\"auto, (max-width: 1024px) 100vw, 1024px\" \/><figcaption class=\"wp-element-caption\"><em>Juliette et Fabienne en pleine action<\/em><\/figcaption><\/figure>\n\n\n\n<p>Les promeneurs ont pu admirer \u00e0 cette occasion les nouvelles plantations du troisi\u00e8me parterre de prairie fleurie, avec des sauges ornementales, cosmos et surtout de beaux tournesols, en hommage \u00e0 l\u2019amiti\u00e9 europ\u00e9enne pour l\u2019Ukraine.<\/p>\n\n\n\n<figure class=\"wp-block-image aligncenter size-full\"><img loading=\"lazy\" decoding=\"async\" width=\"766\" height=\"1023\" src=\"https:\/\/paradeisos.eu\/wp-content\/uploads\/2024\/10\/image-375.png\" alt=\"\" class=\"wp-image-1050\" srcset=\"https:\/\/paradeisos.eu\/wp-content\/uploads\/2024\/10\/image-375.png 766w, https:\/\/paradeisos.eu\/wp-content\/uploads\/2024\/10\/image-375-225x300.png 225w\" sizes=\"auto, (max-width: 766px) 100vw, 766px\" \/><figcaption class=\"wp-element-caption\"><em>Le tournesol symbole de l\u2019amiti\u00e9 europ\u00e9enne au milieu du parterre de prairie fleurie<\/em><\/figcaption><\/figure>\n\n\n\n<p>Pour conclure cette belle journ\u00e9e, Sylvain Hilaire notre pr\u00e9sident \u00e9tait venu assurer la traditionnelle visite\/m\u00e9diation \u00ab Paradeisos \u00bb en fin journ\u00e9e, avec affluence de monde install\u00e9 dans l\u2019h\u00e9micycle de notre jardin, pour d\u00e9couvrir l\u2019extraordinaire histoire des plantes et des jardins dans les cultures, savoirs et traditions sur tout le continent europ\u00e9en. Des visiteurs repartis enchant\u00e9s de tous ces \u00e9changes, exp\u00e9riences et m\u00e9diations propos\u00e9s par notre association.<\/p>\n\n\n\n<p>En attendant maintenant une prochaine occasion de nous retrouver\u2026 Peut-\u00eatre pour une sortie et visite privil\u00e9gi\u00e9e pour les amis de l\u2019association en octobre aux Jardins du Trianon \u00e0 Versailles, sous la conduite de nos parad\u00e9siens italiens pr\u00e9f\u00e9r\u00e9s, Elena et Giovanni, qui nous proposent de nous faire d\u00e9couvrir leurs passionnantes r\u00e9alisations horticoles dans ce c\u00e9l\u00e8bre jardin historique ! Attention des informations \u00e0 suivre sur cette sortie exceptionnelle\u2026 n\u2019h\u00e9sitez pas \u00e0 vous manifester pour r\u00e9server votre place !<\/p>\n","protected":false},"excerpt":{"rendered":"<p>Ce week-end les journ\u00e9es europ\u00e9ennes du patrimoine battaient leur plein dans toute la France, en particulier \u00e0 la Maison Jean Monnet, qui a d\u00e9pass\u00e9 son record d\u2019affluence \u00e0 cette occasion (qui \u00e9tait d\u00e9tenu par l\u2019inauguration de notre jardin citoyen europ\u00e9en en 2018 ; ). Un riche programme d\u2019activit\u00e9s \u00e9tait propos\u00e9 au public dans tous les [&hellip;]<\/p>\n","protected":false},"author":3,"featured_media":1048,"comment_status":"open","ping_status":"open","sticky":false,"template":"","format":"standard","meta":{"footnotes":""},"categories":[16],"tags":[],"class_list":["post-1047","post","type-post","status-publish","format-standard","has-post-thumbnail","hentry","category-newsletter"],"_links":{"self":[{"href":"https:\/\/paradeisos.eu\/index.php?rest_route=\/wp\/v2\/posts\/1047","targetHints":{"allow":["GET"]}}],"collection":[{"href":"https:\/\/paradeisos.eu\/index.php?rest_route=\/wp\/v2\/posts"}],"about":[{"href":"https:\/\/paradeisos.eu\/index.php?rest_route=\/wp\/v2\/types\/post"}],"author":[{"embeddable":true,"href":"https:\/\/paradeisos.eu\/index.php?rest_route=\/wp\/v2\/users\/3"}],"replies":[{"embeddable":true,"href":"https:\/\/paradeisos.eu\/index.php?rest_route=%2Fwp%2Fv2%2Fcomments&post=1047"}],"version-history":[{"count":1,"href":"https:\/\/paradeisos.eu\/index.php?rest_route=\/wp\/v2\/posts\/1047\/revisions"}],"predecessor-version":[{"id":1051,"href":"https:\/\/paradeisos.eu\/index.php?rest_route=\/wp\/v2\/posts\/1047\/revisions\/1051"}],"wp:featuredmedia":[{"embeddable":true,"href":"https:\/\/paradeisos.eu\/index.php?rest_route=\/wp\/v2\/media\/1048"}],"wp:attachment":[{"href":"https:\/\/paradeisos.eu\/index.php?rest_route=%2Fwp%2Fv2%2Fmedia&parent=1047"}],"wp:term":[{"taxonomy":"category","embeddable":true,"href":"https:\/\/paradeisos.eu\/index.php?rest_route=%2Fwp%2Fv2%2Fcategories&post=1047"},{"taxonomy":"post_tag","embeddable":true,"href":"https:\/\/paradeisos.eu\/index.php?rest_route=%2Fwp%2Fv2%2Ftags&post=1047"}],"curies":[{"name":"wp","href":"https:\/\/api.w.org\/{rel}","templated":true}]}}