{"id":1008,"date":"2021-01-12T14:08:00","date_gmt":"2021-01-12T12:08:00","guid":{"rendered":"https:\/\/paradeisos.eu\/?p=1008"},"modified":"2024-10-10T14:16:40","modified_gmt":"2024-10-10T12:16:40","slug":"retours-sur-lannee-2020-et-perspectives-2021","status":"publish","type":"post","link":"https:\/\/paradeisos.eu\/?p=1008","title":{"rendered":"Retours sur l\u2019ann\u00e9e 2020 et perspectives 2021"},"content":{"rendered":"\n<p>Chers amis parad\u00e9siens,<\/p>\n\n\n\n<p>Pour cette nouvelle ann\u00e9e, que nous vous souhaitons la meilleure possible, au milieu d\u2019une p\u00e9riode toujours bien compliqu\u00e9e sur le plan sanitaire, nous revenons vers vous pour le bilan de l\u2019ann\u00e9e pass\u00e9e autour de nos activit\u00e9s associatives. Une ann\u00e9e 2020 forc\u00e9ment tr\u00e8s impact\u00e9e par les \u00e9v\u00e9nements li\u00e9s au virus Covid19.<\/p>\n\n\n\n<p>Une lettre d\u2019information, une fois n\u2019est pas coutume, qui sera donc plus longue qu\u2019\u00e0 son habitude, car il nous a sembl\u00e9 important de prendre le temps de rappeler et de remettre \u00e0 nos bons souvenirs nos diverses r\u00e9alisations, et voir tout le chemin parcouru, avec tous ces projets collectifs qui ont fleuri et continuent de fleurir au sein de notre association, malgr\u00e9 un contexte g\u00e9n\u00e9ral peu favorable.<\/p>\n\n\n\n<p>C\u2019est aussi peut-\u00eatre cela \u00eatre \u00ab r\u00e9silient \u00bb et pr\u00e9parer le monde de demain : savoir rester attentif et pr\u00e9sent m\u00eame (et surtout) dans la tourmente\u2026 et faire ce que l\u2019on peut. Ainsi, depuis notre f\u00eate associative r\u00e9ussie de janvier 2020, avec son succulent repas th\u00e9matique polonais, ainsi que la poursuite durant l\u2019hiver de nos projets participatifs de terrain avec la classe de SEGPA du coll\u00e8ge de Montfort L\u2019Amaury, nous avions d\u00fb interrompre nos activit\u00e9s de terrain au mois de mars avec le premier confinement.<\/p>\n\n\n\n<p>Comme pour beaucoup d\u2019autres associations, en particulier dans le monde culturel, d\u00e9cid\u00e9ment peu \u00e9pargn\u00e9 en cette p\u00e9riode, cette interruption forc\u00e9e a constitu\u00e9 un coup d\u2019arr\u00eat brutal dans nos activit\u00e9s, qui aurait pu compromettre l\u2019avenir de notre dynamique collective \u00e0 peine lanc\u00e9e. Cela aurait pu \u00e9galement avoir des effets dommageables sur la survie de notre jardin \u00e0 la maison Monnet, en particulier pendant les p\u00e9riodes caniculaires estivales.<\/p>\n\n\n\n<p>Heureusement nous avions effectu\u00e9 toutes les t\u00e2ches jardini\u00e8res au bon moment, dans le respect des bonnes pratiques horticoles et permacoles : apports de terres locales et r\u00e9g\u00e9n\u00e9ration des sols ; Diversit\u00e9 des essences de plantes favorisant les interactions, solidarit\u00e9s v\u00e9g\u00e9tales et bio-r\u00e9siliences ; \u00c9tagement de la v\u00e9g\u00e9tation et alternance entre plantes rustiques, annuelles et biannuelles ; Apports organiques et paillages naturels avec la ressource locale\u2026<\/p>\n\n\n\n<p>Gr\u00e2ce au relais minimum assur\u00e9 au sein de l\u2019association (Encore merci \u00e0 Anissa, Annick, Fabienne, Hanna, Irina, Juliette, Olivier, Serge, Sylvie et Sylvain), avec l\u2019accompagnement toujours bienveillant de l\u2019\u00e9quipe de la Maison Monnet (Merci en particulier \u00e0 Josette et Philippe qui ont assur\u00e9 certaines t\u00e2ches jardini\u00e8res aux moments les plus emp\u00each\u00e9s), notre Jardin europ\u00e9en a ainsi travers\u00e9 sans encombre cette p\u00e9riode d\u00e9licate, et se d\u00e9veloppe harmonieusement, plus beau et vivant que jamais !<\/p>\n\n\n\n<p>Une des d\u00e9monstrations les plus frappantes de cette r\u00e9ussite horticole peut s\u2019observer \u00e0 travers le d\u00e9veloppement des mauves sauvages (Malva Sylvestris)\u2026 Entre celles, petites et \u00e9tiol\u00e9es parsem\u00e9es dans la pelouse herbac\u00e9e du parc, et celles transplant\u00e9es du m\u00eame parc dans notre nouveau parterre conduit en permaculture : la diff\u00e9rence de croissance est spectaculaire ! Ces derni\u00e8res mauves, en seulement quelques mois, se prennent d\u00e9sormais pour des arbustes. Il suffit de comparer photos \u00e0 l\u2019appui\u2026<\/p>\n\n\n\n<figure class=\"wp-block-image aligncenter size-full\"><img loading=\"lazy\" decoding=\"async\" width=\"336\" height=\"252\" src=\"https:\/\/paradeisos.eu\/wp-content\/uploads\/2024\/10\/image-344.png\" alt=\"\" class=\"wp-image-1009\" srcset=\"https:\/\/paradeisos.eu\/wp-content\/uploads\/2024\/10\/image-344.png 336w, https:\/\/paradeisos.eu\/wp-content\/uploads\/2024\/10\/image-344-300x225.png 300w\" sizes=\"auto, (max-width: 336px) 100vw, 336px\" \/><figcaption class=\"wp-element-caption\"><em>Comparatif d\u2019une mauve de la pelouse du parc\u2026<\/em><\/figcaption><\/figure>\n\n\n\n<figure class=\"wp-block-image aligncenter size-full\"><img loading=\"lazy\" decoding=\"async\" width=\"681\" height=\"510\" src=\"https:\/\/paradeisos.eu\/wp-content\/uploads\/2024\/10\/image-345.png\" alt=\"\" class=\"wp-image-1010\" srcset=\"https:\/\/paradeisos.eu\/wp-content\/uploads\/2024\/10\/image-345.png 681w, https:\/\/paradeisos.eu\/wp-content\/uploads\/2024\/10\/image-345-300x225.png 300w\" sizes=\"auto, (max-width: 681px) 100vw, 681px\" \/><figcaption class=\"wp-element-caption\"><em>\u2026et celle transplant\u00e9e dans le parterre conduit en permaculture<\/em><\/figcaption><\/figure>\n\n\n\n<div style=\"height:25px\" aria-hidden=\"true\" class=\"wp-block-spacer\"><\/div>\n\n\n\n<h3 class=\"wp-block-heading\">L\u2019entretien estival et automnal du jardin Monnet<\/h3>\n\n\n\n<p>Cet \u00e9t\u00e9 quelques membres de l\u2019association (Anissa, Arthur, Fabienne, Irina, Juliette, Olivier, Sylvie, Sylvain et Swann), forc\u00e9ment en nombre limit\u00e9 avec les contraintes sanitaires, avaient ainsi pu se relayer autour du jardin de la Maison Monnet, pour assurer un arrosage cibl\u00e9, la mise en service du nouvel arrosage automatique, ainsi qu\u2019un entretien\/toilettage g\u00e9n\u00e9ral des parterres. Nous avons en particulier profit\u00e9 d\u2019une magnifique floraison de Dahlias (r\u00e9f\u00e9rence \u00e0 l\u2019int\u00e9r\u00eat floral et pictural de Silvia Monnet) dont Irina et Arthur ont pris un soin particulier.<\/p>\n\n\n\n<figure class=\"wp-block-image aligncenter size-full\"><img loading=\"lazy\" decoding=\"async\" width=\"332\" height=\"498\" src=\"https:\/\/paradeisos.eu\/wp-content\/uploads\/2024\/10\/image-346.png\" alt=\"\" class=\"wp-image-1011\" srcset=\"https:\/\/paradeisos.eu\/wp-content\/uploads\/2024\/10\/image-346.png 332w, https:\/\/paradeisos.eu\/wp-content\/uploads\/2024\/10\/image-346-200x300.png 200w\" sizes=\"auto, (max-width: 332px) 100vw, 332px\" \/><\/figure>\n\n\n\n<figure class=\"wp-block-image aligncenter size-full\"><img loading=\"lazy\" decoding=\"async\" width=\"663\" height=\"498\" src=\"https:\/\/paradeisos.eu\/wp-content\/uploads\/2024\/10\/image-347.png\" alt=\"\" class=\"wp-image-1012\" srcset=\"https:\/\/paradeisos.eu\/wp-content\/uploads\/2024\/10\/image-347.png 663w, https:\/\/paradeisos.eu\/wp-content\/uploads\/2024\/10\/image-347-300x225.png 300w\" sizes=\"auto, (max-width: 663px) 100vw, 663px\" \/><figcaption class=\"wp-element-caption\"><em>Irina et Arthur occup\u00e9s \u00e0 rafra\u00eechir et toiletter les \u00e9normes bouquets de Dahlias<\/em><\/figcaption><\/figure>\n\n\n\n<div style=\"height:25px\" aria-hidden=\"true\" class=\"wp-block-spacer\"><\/div>\n\n\n\n<h4 class=\"wp-block-heading\">Nouveaut\u00e9s et \u00e9volutions du jardin<\/h4>\n\n\n\n<p>Ces s\u00e9ances ont aussi \u00e9t\u00e9 l\u2019occasion d\u2019avancer sur la cr\u00e9ation du troisi\u00e8me parterre, dit des \u00ab&nbsp;Iris europ\u00e9ens&nbsp;\u00bb (=<em>Iris hollandica blue<\/em>), que nous avions amorc\u00e9 en f\u00e9vrier, et qui n\u2019avait pas pu \u00eatre continu\u00e9 \u00e0 cause du premier confinement.<\/p>\n\n\n\n<p>Nous nous devions de poursuivre co\u00fbte que co\u00fbte la cr\u00e9ation de ce nouveau parterre, articul\u00e9 au projet de prairie fleurie. La conception premi\u00e8re \u00e9tait en effet issue des activit\u00e9s socio-\u00e9ducatives de l\u2019association, et des s\u00e9ances participatives avec les \u00e9l\u00e8ves de SEGPA de Montfort l\u2019Amaury, qui y avaient mis beaucoup de travail et d\u2019implication. Ces nouveaux espaces jardin\u00e9s constituent une \u00e9tape importante de nos activit\u00e9s sur site. &nbsp;Avec le suivi expert de nos \u00ab&nbsp;coordinateurs jardin&nbsp;\u00bb Hanna, Elena et Giovanni, cette \u00e9volution du jardin avait \u00e9t\u00e9 valid\u00e9e par la direction de la Maison Monnet, puis pr\u00e9sent\u00e9e et pl\u00e9biscit\u00e9e lors de notre derni\u00e8re Assembl\u00e9e g\u00e9n\u00e9rale.<\/p>\n\n\n\n<figure class=\"wp-block-image aligncenter size-full\"><img loading=\"lazy\" decoding=\"async\" width=\"453\" height=\"421\" src=\"https:\/\/paradeisos.eu\/wp-content\/uploads\/2024\/10\/image-348.png\" alt=\"\" class=\"wp-image-1013\" srcset=\"https:\/\/paradeisos.eu\/wp-content\/uploads\/2024\/10\/image-348.png 453w, https:\/\/paradeisos.eu\/wp-content\/uploads\/2024\/10\/image-348-300x279.png 300w\" sizes=\"auto, (max-width: 453px) 100vw, 453px\" \/><\/figure>\n\n\n\n<p>Pour la finalisation de ce parterre des\u00a0<em>Iris europ\u00e9ens<\/em>, Fabienne, Olivier et Sylvain, avec bient\u00f4t les renforts de Juliette et Serge, ont assur\u00e9 le travail entre les mois d\u2019ao\u00fbt et d\u00e9cembre.<\/p>\n\n\n\n<figure class=\"wp-block-image aligncenter size-full\"><img loading=\"lazy\" decoding=\"async\" width=\"872\" height=\"655\" src=\"https:\/\/paradeisos.eu\/wp-content\/uploads\/2024\/10\/image-349.png\" alt=\"\" class=\"wp-image-1014\" srcset=\"https:\/\/paradeisos.eu\/wp-content\/uploads\/2024\/10\/image-349.png 872w, https:\/\/paradeisos.eu\/wp-content\/uploads\/2024\/10\/image-349-300x225.png 300w, https:\/\/paradeisos.eu\/wp-content\/uploads\/2024\/10\/image-349-768x577.png 768w\" sizes=\"auto, (max-width: 872px) 100vw, 872px\" \/><\/figure>\n\n\n\n<figure class=\"wp-block-image aligncenter size-full\"><img loading=\"lazy\" decoding=\"async\" width=\"489\" height=\"652\" src=\"https:\/\/paradeisos.eu\/wp-content\/uploads\/2024\/10\/image-350.png\" alt=\"\" class=\"wp-image-1015\" srcset=\"https:\/\/paradeisos.eu\/wp-content\/uploads\/2024\/10\/image-350.png 489w, https:\/\/paradeisos.eu\/wp-content\/uploads\/2024\/10\/image-350-225x300.png 225w\" sizes=\"auto, (max-width: 489px) 100vw, 489px\" \/><figcaption class=\"wp-element-caption\"><em>Fabienne, Olivier et Sylvain \u00e0 pied d\u2019\u0153uvre d\u00e8s la fin ao\u00fb<\/em>t<\/figcaption><\/figure>\n\n\n\n<figure class=\"wp-block-image aligncenter size-full\"><img loading=\"lazy\" decoding=\"async\" width=\"1024\" height=\"768\" src=\"https:\/\/paradeisos.eu\/wp-content\/uploads\/2024\/10\/image-351.png\" alt=\"\" class=\"wp-image-1016\" srcset=\"https:\/\/paradeisos.eu\/wp-content\/uploads\/2024\/10\/image-351.png 1024w, https:\/\/paradeisos.eu\/wp-content\/uploads\/2024\/10\/image-351-300x225.png 300w, https:\/\/paradeisos.eu\/wp-content\/uploads\/2024\/10\/image-351-768x576.png 768w\" sizes=\"auto, (max-width: 1024px) 100vw, 1024px\" \/><\/figure>\n\n\n\n<figure class=\"wp-block-image aligncenter size-full\"><img loading=\"lazy\" decoding=\"async\" width=\"873\" height=\"655\" src=\"https:\/\/paradeisos.eu\/wp-content\/uploads\/2024\/10\/image-352.png\" alt=\"\" class=\"wp-image-1017\" srcset=\"https:\/\/paradeisos.eu\/wp-content\/uploads\/2024\/10\/image-352.png 873w, https:\/\/paradeisos.eu\/wp-content\/uploads\/2024\/10\/image-352-300x225.png 300w, https:\/\/paradeisos.eu\/wp-content\/uploads\/2024\/10\/image-352-768x576.png 768w\" sizes=\"auto, (max-width: 873px) 100vw, 873px\" \/><figcaption class=\"wp-element-caption\"><em>Juliette et Serge en renfort en octobre pour finaliser les travaux d\u2019entretien\/cr\u00e9ation<\/em><\/figcaption><\/figure>\n\n\n\n<figure class=\"wp-block-image aligncenter size-full\"><img loading=\"lazy\" decoding=\"async\" width=\"494\" height=\"660\" src=\"https:\/\/paradeisos.eu\/wp-content\/uploads\/2024\/10\/image-353.png\" alt=\"\" class=\"wp-image-1018\" srcset=\"https:\/\/paradeisos.eu\/wp-content\/uploads\/2024\/10\/image-353.png 494w, https:\/\/paradeisos.eu\/wp-content\/uploads\/2024\/10\/image-353-225x300.png 225w\" sizes=\"auto, (max-width: 494px) 100vw, 494px\" \/><\/figure>\n\n\n\n<figure class=\"wp-block-image aligncenter size-full\"><img loading=\"lazy\" decoding=\"async\" width=\"885\" height=\"664\" src=\"https:\/\/paradeisos.eu\/wp-content\/uploads\/2024\/10\/image-354.png\" alt=\"\" class=\"wp-image-1019\" srcset=\"https:\/\/paradeisos.eu\/wp-content\/uploads\/2024\/10\/image-354.png 885w, https:\/\/paradeisos.eu\/wp-content\/uploads\/2024\/10\/image-354-300x225.png 300w, https:\/\/paradeisos.eu\/wp-content\/uploads\/2024\/10\/image-354-768x576.png 768w\" sizes=\"auto, (max-width: 885px) 100vw, 885px\" \/><figcaption class=\"wp-element-caption\"><em>Le manteau\/paillage de feuilles d\u2019or sur les parterres circulaires, et le nouveau parterre\u2026 finalis\u00e9s avant l\u2019hiver\u00a0!<\/em><\/figcaption><\/figure>\n\n\n\n<div style=\"height:25px\" aria-hidden=\"true\" class=\"wp-block-spacer\"><\/div>\n\n\n\n<h4 class=\"wp-block-heading\">Un nouveau projet associatif : le \u201cjardin m\u00e9moire Janine F\u00e9land\u201d<\/h4>\n\n\n\n<figure class=\"wp-block-image aligncenter size-full\"><img loading=\"lazy\" decoding=\"async\" width=\"599\" height=\"449\" src=\"https:\/\/paradeisos.eu\/wp-content\/uploads\/2024\/10\/image-355.png\" alt=\"\" class=\"wp-image-1020\" srcset=\"https:\/\/paradeisos.eu\/wp-content\/uploads\/2024\/10\/image-355.png 599w, https:\/\/paradeisos.eu\/wp-content\/uploads\/2024\/10\/image-355-300x225.png 300w\" sizes=\"auto, (max-width: 599px) 100vw, 599px\" \/><\/figure>\n\n\n\n<figure class=\"wp-block-image aligncenter size-full\"><img loading=\"lazy\" decoding=\"async\" width=\"601\" height=\"451\" src=\"https:\/\/paradeisos.eu\/wp-content\/uploads\/2024\/10\/image-356.png\" alt=\"\" class=\"wp-image-1021\" srcset=\"https:\/\/paradeisos.eu\/wp-content\/uploads\/2024\/10\/image-356.png 601w, https:\/\/paradeisos.eu\/wp-content\/uploads\/2024\/10\/image-356-300x225.png 300w\" sizes=\"auto, (max-width: 601px) 100vw, 601px\" \/><\/figure>\n\n\n\n<figure class=\"wp-block-image aligncenter size-full\"><img loading=\"lazy\" decoding=\"async\" width=\"599\" height=\"449\" src=\"https:\/\/paradeisos.eu\/wp-content\/uploads\/2024\/10\/image-357.png\" alt=\"\" class=\"wp-image-1022\" srcset=\"https:\/\/paradeisos.eu\/wp-content\/uploads\/2024\/10\/image-357.png 599w, https:\/\/paradeisos.eu\/wp-content\/uploads\/2024\/10\/image-357-300x225.png 300w\" sizes=\"auto, (max-width: 599px) 100vw, 599px\" \/><\/figure>\n\n\n\n<p>Comme annonc\u00e9 dans une pr\u00e9c\u00e9dente information, un nouveau jardin, espace horticole exp\u00e9rimental et participatif, a \u00e9t\u00e9 d\u00e9marr\u00e9 au si\u00e8ge de l\u2019association \u00e0 Dampierre-en-Yvelines, en hommage \u00e0 Janine Feland, d\u00e9c\u00e9d\u00e9e en octobre dernier.<\/p>\n\n\n\n<p>L\u2019id\u00e9e a ainsi \u00e9merg\u00e9 que la r\u00e9alisation de ce petit jardin m\u00e9moriel pouvait \u00eatre le plus bel hommage que pouvait rendre notre association \u00e0 sa personnalit\u00e9 fondatrice et bienfaitrice. Que cela correspondait aux valeurs et objectifs d\u2019activit\u00e9 du collectif, sachant que ce jardin est justement situ\u00e9 \u00e0 l\u2019emplacement du si\u00e8ge de l\u2019association. Sachant aussi que Janine souhaitait ardemment, ainsi que son fils Olivier Michaud, faire de cette demeure un lieu de rencontre, d\u2019\u00e9changes de savoirs, culturels et jardiniers, d\u00e9di\u00e9 aux associations.<\/p>\n\n\n\n<p>Le projet consiste donc \u00e0 r\u00e9aliser ce jardin en plusieurs \u00e9tapes, selon le contexte, l\u2019envie et les possibilit\u00e9s de participation de nos membres actifs, tout au long de l\u2019ann\u00e9e 2021. Le premier acte a r\u00e9sid\u00e9 dans la plantation du parterre central (un carr\u00e9 de 3 m\u00e8tres de c\u00f4t\u00e9s), par dons de plantes inter-associatives, et ensuite par des compl\u00e9ments de plantations assur\u00e9s par Olivier, ainsi qu\u2019il l\u2019a souhait\u00e9. Le premier acte de cr\u00e9ation, le \u00ab jardin d\u2019hiver \u00bb, a \u00e9t\u00e9 pr\u00e9vu pour d\u00e9cembre 2020, avec la plantation de plantes hommages, hivernales dans un premier temps. Vous trouverez tous les d\u00e9tails de ce nouveau projet parad\u00e9sien dans le lien associ\u00e9.<\/p>\n\n\n\n<div class=\"wp-block-file\"><a id=\"wp-block-file--media-f4eb616f-1e4a-4727-a856-9c88d43d8f08\" href=\"https:\/\/paradeisos.eu\/wp-content\/uploads\/2024\/10\/paradeisos-jardin-de-memoire-janine-feland.pdf\">paradeisos-jardin-de-memoire-janine-feland<\/a><a href=\"https:\/\/paradeisos.eu\/wp-content\/uploads\/2024\/10\/paradeisos-jardin-de-memoire-janine-feland.pdf\" class=\"wp-block-file__button wp-element-button\" download aria-describedby=\"wp-block-file--media-f4eb616f-1e4a-4727-a856-9c88d43d8f08\">T\u00e9l\u00e9charger<\/a><\/div>\n\n\n\n<figure class=\"wp-block-image aligncenter size-full\"><img loading=\"lazy\" decoding=\"async\" width=\"768\" height=\"1023\" src=\"https:\/\/paradeisos.eu\/wp-content\/uploads\/2024\/10\/image-358.png\" alt=\"\" class=\"wp-image-1024\" srcset=\"https:\/\/paradeisos.eu\/wp-content\/uploads\/2024\/10\/image-358.png 768w, https:\/\/paradeisos.eu\/wp-content\/uploads\/2024\/10\/image-358-225x300.png 225w\" sizes=\"auto, (max-width: 768px) 100vw, 768px\" \/><figcaption class=\"wp-element-caption\"><em>Le groupe de cr\u00e9ation du \u00ab\u00a0Jardin Janine Feland\u00a0\u00bb\u2026 Merci \u00e0 Annick, Antoinette, Catherine, Jean-Louis Magdeleine, Marie-Pierre, Mathilde, Nathalie, Olivier, R\u00e9gine, Roselyne, Serge, Sylvain et Sylvie\u00a0!<\/em><\/figcaption><\/figure>\n\n\n\n<p>Les premi\u00e8res plantes ont donc \u00e9t\u00e9 implant\u00e9es le 18 d\u00e9cembre dernier, avec quelques membres associatifs et amis proches de notre regrett\u00e9e Janine. Chaque membre de l\u2019association est d\u00e9sormais libre de participer et compl\u00e9ter les plantations quand il le souhaitera, sur demande de rdv sur site au bureau de l\u2019association (sur la messagerie Paradeisos ou par t\u00e9l\u00e9phone aupr\u00e8s de Sylvain). C\u2019est un nouveau jardin associatif ouvert \u00e0 tous, o\u00f9 chacun doit se sentir libre de participer et de contribuer, en m\u00e9moire de Janine Feland, qui a tant fait pour notre collectif.<\/p>\n\n\n\n<p>Cela pourra constituer une nouvelle chance de nous retrouver au si\u00e8ge de l\u2019association, avec divers espaces en cours d\u2019am\u00e9nagement par Olivier, qui seront mis \u00e0 disposition de&nbsp;<em>Paradeisos<\/em>&nbsp;en 2021&nbsp;: en particulier un espace de r\u00e9union, ainsi qu\u2019un bureau et cabinet de travail sp\u00e9cialement am\u00e9nag\u00e9s pour les besoins de l\u2019association\u2026<\/p>\n\n\n\n<p>Nous pourrons nous y retrouver dans des conditions id\u00e9ales pour \u00e9changer, partager de bons moments, \u00ab&nbsp;refaire le monde&nbsp;\u00bb et avancer concr\u00e8tement nos projets collectifs dans les ann\u00e9es \u00e0 venir. Une serre a \u00e9t\u00e9 \u00e9galement install\u00e9e par Olivier \u00e0 proximit\u00e9 du jardin pour faciliter le rangement de nos mat\u00e9riaux et outillages, pour les semis et plantations sensibles au service de nos projets communs. &nbsp;&nbsp;Pour tout cela, encore un immense merci \u00e0 Janine, et \u00e0 son fils Olivier qui prend pleinement le relais pour soutenir le d\u00e9veloppement de notre association&nbsp;!<\/p>\n\n\n\n<div style=\"height:25px\" aria-hidden=\"true\" class=\"wp-block-spacer\"><\/div>\n\n\n\n<h4 class=\"wp-block-heading\">Les nouveaux visuels et d\u00e9pliants Paradeisos !<\/h4>\n\n\n\n<figure class=\"wp-block-image aligncenter size-full\"><img loading=\"lazy\" decoding=\"async\" width=\"657\" height=\"465\" src=\"https:\/\/paradeisos.eu\/wp-content\/uploads\/2024\/10\/image-359.png\" alt=\"\" class=\"wp-image-1025\" srcset=\"https:\/\/paradeisos.eu\/wp-content\/uploads\/2024\/10\/image-359.png 657w, https:\/\/paradeisos.eu\/wp-content\/uploads\/2024\/10\/image-359-300x212.png 300w\" sizes=\"auto, (max-width: 657px) 100vw, 657px\" \/><figcaption class=\"wp-element-caption\"><em>Le nouveau panneau signal\u00e9tique du jardin citoyen europ\u00e9en en cours d\u2019\u00e9laboration (version temporaire)<\/em><\/figcaption><\/figure>\n\n\n\n<p>Pour la partie communication, notre \u00e9quipe d\u00e9di\u00e9e a aussi tr\u00e8s bien travaill\u00e9, forc\u00e9ment moins g\u00ean\u00e9 par le confinement pour avancer sur nos divers projets de nouveaux supports et visuels de l\u2019association. Plusieurs projets sont ainsi en cours&nbsp;: renouvellement des cartels et signal\u00e9tiques du jardin&nbsp;; cr\u00e9ation d\u2019un panneau g\u00e9n\u00e9ral de pr\u00e9sentation du jardin Monnet&nbsp;; cr\u00e9ation d\u2019un nouveau d\u00e9pliant \u00ab&nbsp;Jardin citoyen europ\u00e9en&nbsp;\u00bb\u2026 Il faut ici remercier Am\u00e9lie, Hanna et Florian&nbsp;pour leur travail sur les contenus textuels et visuels, pour la conception et le maquettage, mais aussi Anissa, Annick, M\u00e9lodie et Sylvain pour les relectures et validations au sein du bureau de l\u2019association.<\/p>\n\n\n\n<p>Nous avons donc le plaisir de vous pr\u00e9senter le premier r\u00e9sultat de ces travaux, avec la sortie de la nouvelle brochure\/d\u00e9pliant de pr\u00e9sentation du \u00ab&nbsp;Jardin citoyen europ\u00e9en&nbsp;\u00bb, avec l\u2019accompagnement des \u00e9quipes de la Maison Monnet (merci en particulier \u00e0 Debora&nbsp;Righetti), et la validation formelle du service communication du Parlement europ\u00e9en.<\/p>\n\n\n\n<p>Voici le lien pour t\u00e9l\u00e9charger cette brochure, n\u2019h\u00e9sitez pas \u00e0 la diffuser autour de vous&nbsp;!<\/p>\n\n\n\n<div class=\"wp-block-file\"><a id=\"wp-block-file--media-10732b37-d59e-452f-b2df-698672741042\" href=\"https:\/\/paradeisos.eu\/wp-content\/uploads\/2024\/10\/jce-paradeisos.pdf\">jce-paradeisos<\/a><a href=\"https:\/\/paradeisos.eu\/wp-content\/uploads\/2024\/10\/jce-paradeisos.pdf\" class=\"wp-block-file__button wp-element-button\" download aria-describedby=\"wp-block-file--media-10732b37-d59e-452f-b2df-698672741042\">T\u00e9l\u00e9charger<\/a><\/div>\n\n\n\n<div style=\"height:25px\" aria-hidden=\"true\" class=\"wp-block-spacer\"><\/div>\n\n\n\n<h4 class=\"wp-block-heading\">L\u2019avenir de Paradeisos\u2026 perspectives 2021<\/h4>\n\n\n\n<p>Vous l\u2019avez compris, cet aboutissement officiel d\u2019une brochure d\u00e9di\u00e9e \u00e0 notre \u00ab&nbsp;Jardin citoyen europ\u00e9en&nbsp;\u00bb, ainsi estampill\u00e9 par les services du Parlement europ\u00e9en, est un \u00e9v\u00e9nement important, et un signe tr\u00e8s encourageant pour la reconnaissance et la poursuite de nos activit\u00e9s sur site. Les premiers financements re\u00e7us \u00e9galement par les canaux europ\u00e9ens constituent un support essentiel pour le d\u00e9veloppement de nos activit\u00e9s.<\/p>\n\n\n\n<p>Parmi les nouvelles pistes de projets envisag\u00e9es sur site en lien avec les \u00e9quipes de la Maison Monnet, \u00e0 discuter et \u00e0 pr\u00e9ciser collectivement&nbsp;lors des prochaines r\u00e9unions associatives :<\/p>\n\n\n\n<ul class=\"wp-block-list\">\n<li>La cr\u00e9ation de la prairie fleurie (pr\u00e9vue en 2020, attendue maintenant pour 2021)<\/li>\n\n\n\n<li>L\u2019am\u00e9lioration de l\u2019esth\u00e9tique de l\u2019h\u00e9micycle min\u00e9ral (b\u00e9ton) au centre du jardin<\/li>\n\n\n\n<li>La cr\u00e9ation d\u2019un verger naturel (avec de vielles essences fruiti\u00e8res europ\u00e9ennes)<\/li>\n\n\n\n<li>La cr\u00e9ation d\u2019un rucher naturel li\u00e9 au verger (en poterie avec dimension artistique)<\/li>\n\n\n\n<li>La cr\u00e9ation de boxes de compostage, et gestion associ\u00e9e de la mati\u00e8re organique<\/li>\n\n\n\n<li>La gestion\/valorisation plus g\u00e9n\u00e9rale de la biodiversit\u00e9 v\u00e9g\u00e9tale sur site<\/li>\n<\/ul>\n\n\n\n<p>M\u00eame si la Maison Monnet reste plus que jamais notre lieu principal et notre \u00ab&nbsp;vitrine&nbsp;\u00bb, nos autres projets, partenariats et liens r\u00e9gionaux n\u2019en restent moins toujours actifs et op\u00e9rants.<\/p>\n\n\n\n<p>Il y a bien s\u00fbr toujours nos liens historiques avec le&nbsp;<strong>Parc Naturel r\u00e9gional de la Haute Vall\u00e9e de Chevreuse<\/strong>, mais aussi l\u2019<strong>Union des Amis du Parc<\/strong>&nbsp;qui, ne l\u2019oublions pas, nous ont soutenu d\u00e8s le d\u00e9part, en permettant la naissance et les premiers d\u00e9veloppements de notre mouvement associatif&nbsp;! De nombreux amis parad\u00e9siens ont en effet des liens et contributions importantes dans ces enjeux de valorisation du patrimoine naturel et culturel de la r\u00e9gion, en particulier Catherine et Guy Reinaud, Jacques Fournier et Sylvie Sohier, ou encore Catherine Marchal, Mathilde et Laurent Bugeat. Des liens qui pourront encore se renforcer avec l\u2019entr\u00e9e prochaine de Sylvain Hilaire dans le comit\u00e9 scientifique du PNR.<\/p>\n\n\n\n<p>Il y a aussi nos liens fondateurs avec le site de&nbsp;<strong>Port-Royal<\/strong>&nbsp;et ses&nbsp;<strong>Amis du Dehors<\/strong>, en tant que lieu et r\u00e9seau inspirateur, dont plusieurs membres parad\u00e9siens sont des acteurs importants, comme nos chers amis Magdeleine Gonzales, R\u00e9gine M\u00e9nissier et Michel Cazenove.<\/p>\n\n\n\n<p>Sans oublier la&nbsp;<em><strong>F\u00e9d\u00e9ration Fran\u00e7aise Jardin Nature Sant\u00e9<\/strong><\/em>&nbsp;(FFJNS), ce regroupement d\u2019associations impliqu\u00e9es dans les approches th\u00e9rapeutiques du jardin, qui nous a d\u00e9j\u00e0 accompagn\u00e9 \u00e0 plusieurs reprises durant nos \u00e9v\u00e9nements, en particulier par sa pr\u00e9sidente Isabelle Boucq, et notre horith\u00e9rapeute pr\u00e9f\u00e9r\u00e9e Nicole Br\u00e8s.<\/p>\n\n\n\n<p>D\u2019autres partenaires continuent \u00e9galement \u00e0 suivre d\u2019assez pr\u00e8s nos activit\u00e9s, notamment le&nbsp;<strong><em>Centre de Services aux Associations<\/em>&nbsp;du Val d\u2019Oise<\/strong>&nbsp;(CSA \u2013 CRIB 95), dont l\u2019expertise comptable et juridico-administrative constitue un soutien pr\u00e9cieux pour la suite de notre d\u00e9veloppement associatif, en particulier par l\u2019interm\u00e9diaire de notre membre administrateur Micha\u00ebl De Smet, \u00e9galement pr\u00e9sident de ce centre d\u00e9partemental de soutien aux associations.<\/p>\n\n\n\n<p>Les \u00e9changes, collaborations, circulations de pratiques et d\u2019id\u00e9es entre ces diverses associations constituent une force et richesse inestimable, en particulier dans les temps d\u2019emp\u00eachements, de mises \u00e0 distance et de replis forc\u00e9s que nous traversons depuis quelques temps.<\/p>\n\n\n\n<p>Apr\u00e8s une ann\u00e9e 2020 en sourdine, o\u00f9 nous avons d\u00fb all\u00e9ger et m\u00e9nager au maximum nos sollicitations et fonctionnements associatifs, m\u00eame en termes de rendez-vous et de cotisations, une nouvelle ann\u00e9e s\u2019annonce enfin&nbsp;! Peu importe les conjonctures et nouvelles complications \u00e0 venir\u2026 2021 sera l\u2019ann\u00e9e de la relance de nos activit\u00e9s&nbsp;! Car notre conviction est qu\u2019il n\u2019y aura pas d\u2019autres r\u00e9ponses viables ni durables que celles du partage, du retour \u00e0 l\u2019essentiel, de la solidarit\u00e9 humaine et au vivant.<\/p>\n\n\n\n<p>En attendant d\u2019avoir le plaisir de vous retrouver bient\u00f4t, nous vous souhaitons une excellente ann\u00e9e, pleine de bonheur et de renouveau&nbsp;!<\/p>\n","protected":false},"excerpt":{"rendered":"<p>Chers amis parad\u00e9siens, Pour cette nouvelle ann\u00e9e, que nous vous souhaitons la meilleure possible, au milieu d\u2019une p\u00e9riode toujours bien compliqu\u00e9e sur le plan sanitaire, nous revenons vers vous pour le bilan de l\u2019ann\u00e9e pass\u00e9e autour de nos activit\u00e9s associatives. Une ann\u00e9e 2020 forc\u00e9ment tr\u00e8s impact\u00e9e par les \u00e9v\u00e9nements li\u00e9s au virus Covid19. Une lettre [&hellip;]<\/p>\n","protected":false},"author":3,"featured_media":1019,"comment_status":"open","ping_status":"open","sticky":false,"template":"","format":"standard","meta":{"footnotes":""},"categories":[16],"tags":[],"class_list":["post-1008","post","type-post","status-publish","format-standard","has-post-thumbnail","hentry","category-newsletter"],"_links":{"self":[{"href":"https:\/\/paradeisos.eu\/index.php?rest_route=\/wp\/v2\/posts\/1008","targetHints":{"allow":["GET"]}}],"collection":[{"href":"https:\/\/paradeisos.eu\/index.php?rest_route=\/wp\/v2\/posts"}],"about":[{"href":"https:\/\/paradeisos.eu\/index.php?rest_route=\/wp\/v2\/types\/post"}],"author":[{"embeddable":true,"href":"https:\/\/paradeisos.eu\/index.php?rest_route=\/wp\/v2\/users\/3"}],"replies":[{"embeddable":true,"href":"https:\/\/paradeisos.eu\/index.php?rest_route=%2Fwp%2Fv2%2Fcomments&post=1008"}],"version-history":[{"count":1,"href":"https:\/\/paradeisos.eu\/index.php?rest_route=\/wp\/v2\/posts\/1008\/revisions"}],"predecessor-version":[{"id":1027,"href":"https:\/\/paradeisos.eu\/index.php?rest_route=\/wp\/v2\/posts\/1008\/revisions\/1027"}],"wp:featuredmedia":[{"embeddable":true,"href":"https:\/\/paradeisos.eu\/index.php?rest_route=\/wp\/v2\/media\/1019"}],"wp:attachment":[{"href":"https:\/\/paradeisos.eu\/index.php?rest_route=%2Fwp%2Fv2%2Fmedia&parent=1008"}],"wp:term":[{"taxonomy":"category","embeddable":true,"href":"https:\/\/paradeisos.eu\/index.php?rest_route=%2Fwp%2Fv2%2Fcategories&post=1008"},{"taxonomy":"post_tag","embeddable":true,"href":"https:\/\/paradeisos.eu\/index.php?rest_route=%2Fwp%2Fv2%2Ftags&post=1008"}],"curies":[{"name":"wp","href":"https:\/\/api.w.org\/{rel}","templated":true}]}}